{"id":951,"date":"2026-04-30T09:56:42","date_gmt":"2026-04-30T12:56:42","guid":{"rendered":"https:\/\/jbvariedades.audiencelabs.com.br\/?p=951"},"modified":"2026-04-30T09:57:26","modified_gmt":"2026-04-30T12:57:26","slug":"bolsa-familia-de-maio-vai-chegar-mais-recheado-com-pix-de-r-900","status":"publish","type":"post","link":"https:\/\/jbvariedades.audiencelabs.com.br\/bolsa-familia-de-maio-vai-chegar-mais-recheado-com-pix-de-r-900\/","title":{"rendered":"Bolsa Fam\u00edlia de maio vai chegar mais recheado com pix de R$ 900"},"content":{"rendered":"\n<p>O <strong>Bolsa Fam\u00edlia<\/strong> de maio come\u00e7a a ser pago no dia 18 e pode chegar a R$ 900 para algumas fam\u00edlias. Os repasses seguem at\u00e9 o dia 29, sempre nos \u00faltimos dez dias \u00fateis do m\u00eas, conforme o calend\u00e1rio oficial do <strong>Governo Federal<\/strong>.<\/p>\n\n\n\n<p>O valor-base do programa \u00e9 de R$ 600. Mas, a depender da composi\u00e7\u00e3o familiar, complementos adicionais podem elevar bastante esse montante.<\/p>\n\n\n\n<h2 class=\"wp-block-heading\">O que pode aumentar o valor?<\/h2>\n\n\n\n<p>O <strong>Benef\u00edcio de Renda de Cidadania<\/strong> (<strong>BRC<\/strong>) adiciona R$ 142 por cada integrante da fam\u00edlia cadastrada. J\u00e1 o <strong>Benef\u00edcio Complementar<\/strong> (<strong>BCO<\/strong>) entra quando o valor total ainda n\u00e3o atingiu o m\u00ednimo de R$ 600, garantindo esse piso para todos.<\/p>\n\n\n\n<p>Para fam\u00edlias com crian\u00e7as pequenas, o <strong>Benef\u00edcio Primeira Inf\u00e2ncia<\/strong> (<strong>BPI<\/strong>) acrescenta R$ 150 por crian\u00e7a de at\u00e9 sete anos incompletos. Por sua vez, o Benef\u00edcio Vari\u00e1vel Familiar (BVF) soma R$ 50 para cada gestante e para crian\u00e7as e adolescentes entre 7 e 18 anos incompletos.<\/p>\n\n\n\n<h2 class=\"wp-block-heading\">Calend\u00e1rio oficial de maio<\/h2>\n\n\n\n<p>O pagamento segue a ordem do \u00faltimo d\u00edgito do <strong>N\u00famero de Identifica\u00e7\u00e3o Social<\/strong> (<strong>NIS<\/strong>). Confira as datas:<\/p>\n\n\n\n<ul class=\"wp-block-list\">\n<li>Inscritos com NIS final 1 recebem no 18\/05<\/li>\n\n\n\n<li>Inscritos com NIS final 2 recebem no 19\/05<\/li>\n\n\n\n<li>Inscritos com NIS final 3 recebem no 20\/05<\/li>\n\n\n\n<li>Inscritos com NIS final 4 recebem no 21\/05<\/li>\n\n\n\n<li>Inscritos com NIS final 5 recebem no 22\/05<\/li>\n\n\n\n<li>Inscritos com NIS final 6 recebem no 25\/05<\/li>\n\n\n\n<li>Inscritos com NIS final 7 recebem no 26\/05<\/li>\n\n\n\n<li>Inscritos com NIS final 8 recebem no 27\/05<\/li>\n\n\n\n<li>Inscritos com NIS final 9 recebem no 28\/05<\/li>\n\n\n\n<li>Inscritos com NIS final 0 recebem no 29\/05<\/li>\n<\/ul>\n\n\n\n<p>Vale lembrar que munic\u00edpios em situa\u00e7\u00e3o de calamidade t\u00eam prioridade no pagamento, independentemente do NIS.<\/p>\n\n\n\n<figure class=\"wp-block-embed is-type-video is-provider-youtube wp-block-embed-youtube wp-embed-aspect-16-9 wp-has-aspect-ratio\"><div class=\"wp-block-embed__wrapper\">\n<div class=\"jeg_video_container jeg_video_content\"><iframe title=\"CALEND\u00c1RIO do BOLSA FAMILIA MAIO\/2026: Calend\u00e1rio OFICIAL! Saiba Quando Vai Cair!\" width=\"500\" height=\"281\" src=\"https:\/\/www.youtube.com\/embed\/_3hGP3oaa4s?feature=oembed\" frameborder=\"0\" allow=\"accelerometer; autoplay; clipboard-write; encrypted-media; gyroscope; picture-in-picture; web-share\" referrerpolicy=\"strict-origin-when-cross-origin\" allowfullscreen><\/iframe><\/div>\n<\/div><\/figure>\n\n\n\n<h2 class=\"wp-block-heading\">Como consultar o benef\u00edcio?<\/h2>\n\n\n\n<p>Pelo aplicativo Caixa Tem, qualquer benefici\u00e1rio consegue verificar a data exata do pagamento, o valor dispon\u00edvel e como o benef\u00edcio est\u00e1 composto. O app movimenta a conta poupan\u00e7a digital vinculada ao programa.<\/p>\n\n\n\n<p>Atualmente, o Bolsa Fam\u00edlia atende 18,9 milh\u00f5es de fam\u00edlias em todo o pa\u00eds, segundo o <strong>Minist\u00e9rio do Desenvolvimento e Assist\u00eancia Social<\/strong>.<\/p>\n","protected":false},"excerpt":{"rendered":"<p>O Bolsa Fam\u00edlia de maio come\u00e7a a ser pago no dia 18 e pode chegar a R$ 900 para algumas fam\u00edlias. Os repasses seguem at\u00e9 o dia 29, sempre nos \u00faltimos dez dias \u00fateis do m\u00eas, conforme o calend\u00e1rio oficial do Governo Federal. O valor-base do programa \u00e9 de R$ 600. Mas, a depender da [&hellip;]<\/p>\n","protected":false},"author":4,"featured_media":538,"comment_status":"open","ping_status":"open","sticky":false,"template":"","format":"standard","meta":{"jnews-multi-image_gallery":[],"jnews_single_post":{"format":"standard"},"jnews_primary_category":[],"jnews_social_meta":[],"jnews_post_split":[],"footnotes":""},"categories":[1],"tags":[146,448,141,450,449,137,152,451],"class_list":["post-951","post","type-post","status-publish","format-standard","has-post-thumbnail","hentry","category-variedades","tag-assistencia-social","tag-bco","tag-bolsa-familia","tag-bpi","tag-brc","tag-caixa-economica-federal","tag-governo-federal","tag-ministerio-do-desenvolvimento-e-assistencia-social"],"_links":{"self":[{"href":"https:\/\/jbvariedades.audiencelabs.com.br\/wp-json\/wp\/v2\/posts\/951","targetHints":{"allow":["GET"]}}],"collection":[{"href":"https:\/\/jbvariedades.audiencelabs.com.br\/wp-json\/wp\/v2\/posts"}],"about":[{"href":"https:\/\/jbvariedades.audiencelabs.com.br\/wp-json\/wp\/v2\/types\/post"}],"author":[{"embeddable":true,"href":"https:\/\/jbvariedades.audiencelabs.com.br\/wp-json\/wp\/v2\/users\/4"}],"replies":[{"embeddable":true,"href":"https:\/\/jbvariedades.audiencelabs.com.br\/wp-json\/wp\/v2\/comments?post=951"}],"version-history":[{"count":2,"href":"https:\/\/jbvariedades.audiencelabs.com.br\/wp-json\/wp\/v2\/posts\/951\/revisions"}],"predecessor-version":[{"id":954,"href":"https:\/\/jbvariedades.audiencelabs.com.br\/wp-json\/wp\/v2\/posts\/951\/revisions\/954"}],"wp:featuredmedia":[{"embeddable":true,"href":"https:\/\/jbvariedades.audiencelabs.com.br\/wp-json\/wp\/v2\/media\/538"}],"wp:attachment":[{"href":"https:\/\/jbvariedades.audiencelabs.com.br\/wp-json\/wp\/v2\/media?parent=951"}],"wp:term":[{"taxonomy":"category","embeddable":true,"href":"https:\/\/jbvariedades.audiencelabs.com.br\/wp-json\/wp\/v2\/categories?post=951"},{"taxonomy":"post_tag","embeddable":true,"href":"https:\/\/jbvariedades.audiencelabs.com.br\/wp-json\/wp\/v2\/tags?post=951"}],"curies":[{"name":"wp","href":"https:\/\/api.w.org\/{rel}","templated":true}]}}