{"id":890,"date":"2026-04-30T12:00:00","date_gmt":"2026-04-30T15:00:00","guid":{"rendered":"https:\/\/jbvariedades.audiencelabs.com.br\/?p=890"},"modified":"2026-04-29T13:26:04","modified_gmt":"2026-04-29T16:26:04","slug":"vale-refeicao-teve-alteracao-nas-regras-saiba-como-ficou","status":"publish","type":"post","link":"https:\/\/jbvariedades.audiencelabs.com.br\/vale-refeicao-teve-alteracao-nas-regras-saiba-como-ficou\/","title":{"rendered":"Vale-refei\u00e7\u00e3o teve altera\u00e7\u00e3o nas regras: saiba como ficou"},"content":{"rendered":"\n<p>Por meio do Decreto n\u00ba 12.712\/2025, o governo federal alterou regras importantes em rela\u00e7\u00e3o ao vale-refei\u00e7\u00e3o. As mudan\u00e7as atingem um mercado que movimenta dezenas de bilh\u00f5es de reais e impacta cerca de 22 milh\u00f5es de pessoas no pa\u00eds. As novas diretrizes tamb\u00e9m s\u00e3o v\u00e1lidas para o vale-alimenta\u00e7\u00e3o.<\/p>\n\n\n\n<p>Uma das altera\u00e7\u00f5es mais relevantes est\u00e1 na amplia\u00e7\u00e3o da aceita\u00e7\u00e3o dos cart\u00f5es, pois o governo determinou o fim da exclusividade por bandeiras e a evolu\u00e7\u00e3o da interoperabilidade entre sistemas. Dessa forma, o trabalhador passa a ter mais liberdade para utilizar o benef\u00edcio em uma rede maior de estabelecimentos, reduzindo a depend\u00eancia de arranjos fechados.<\/p>\n\n\n\n<p>Isso significa que os vales deixam de estar restrito a redes espec\u00edficas e passa a operar em um modelo mais aberto, no qual diferentes maquininhas e bandeiras podem processar o mesmo benef\u00edcio. Operadoras que possuem mais de 500 mil usu\u00e1rios devem realizar a adapta\u00e7\u00e3o de seus sistemas at\u00e9 novembro de 2026 para que haja uma ampla aceita\u00e7\u00e3o dos cart\u00f5es. <\/p>\n\n\n\n<h2 class=\"wp-block-heading\">Limite de taxas e impacto nos estabelecimentos<\/h2>\n\n\n\n<p>Outro ponto central da mudan\u00e7a est\u00e1 na limita\u00e7\u00e3o das taxas cobradas dos comerciantes, que agora est\u00e1 limitada a 3,6% para a taxa de desconto. A iniciativa reduz custos para restaurantes, mercados e padarias.<\/p>\n\n\n\n<p>Al\u00e9m disso, o prazo de repasse dos valores tamb\u00e9m foi reduzido para at\u00e9 15 dias, o que melhora o fluxo de caixa dos estabelecimentos e diminui a defasagem entre o consumo e o recebimento do pagamento. Esse ajuste reorganiza a estrutura financeira do sistema, que antes operava com prazos mais longos e taxas mais elevadas.<\/p>\n\n\n\n<h2 class=\"wp-block-heading\">Resist\u00eancia no setor<\/h2>\n\n\n\n<p>Algumas empresas mostraram descontentamento com a medida adotada pelo governo. Entre elas est\u00e3o a Alelo e Ticket, que entraram com uma a\u00e7\u00e3o na justi\u00e7a solicitando a suspens\u00e3o da nova norma de amplia\u00e7\u00e3o para a aceita\u00e7\u00f5es dos cart\u00f5es. No entanto, o pedido foi negado. <\/p>\n\n\n\n<p><\/p>\n","protected":false},"excerpt":{"rendered":"<p>Por meio do Decreto n\u00ba 12.712\/2025, o governo federal alterou regras importantes em rela\u00e7\u00e3o ao vale-refei\u00e7\u00e3o. As mudan\u00e7as atingem um mercado que movimenta dezenas de bilh\u00f5es de reais e impacta cerca de 22 milh\u00f5es de pessoas no pa\u00eds. As novas diretrizes tamb\u00e9m s\u00e3o v\u00e1lidas para o vale-alimenta\u00e7\u00e3o. Uma das altera\u00e7\u00f5es mais relevantes est\u00e1 na amplia\u00e7\u00e3o [&hellip;]<\/p>\n","protected":false},"author":5,"featured_media":895,"comment_status":"open","ping_status":"open","sticky":false,"template":"","format":"standard","meta":{"jnews-multi-image_gallery":[],"jnews_single_post":{"format":"standard"},"jnews_primary_category":[],"jnews_social_meta":[],"jnews_post_split":[],"footnotes":""},"categories":[1],"tags":[],"class_list":["post-890","post","type-post","status-publish","format-standard","has-post-thumbnail","hentry","category-variedades"],"_links":{"self":[{"href":"https:\/\/jbvariedades.audiencelabs.com.br\/wp-json\/wp\/v2\/posts\/890","targetHints":{"allow":["GET"]}}],"collection":[{"href":"https:\/\/jbvariedades.audiencelabs.com.br\/wp-json\/wp\/v2\/posts"}],"about":[{"href":"https:\/\/jbvariedades.audiencelabs.com.br\/wp-json\/wp\/v2\/types\/post"}],"author":[{"embeddable":true,"href":"https:\/\/jbvariedades.audiencelabs.com.br\/wp-json\/wp\/v2\/users\/5"}],"replies":[{"embeddable":true,"href":"https:\/\/jbvariedades.audiencelabs.com.br\/wp-json\/wp\/v2\/comments?post=890"}],"version-history":[{"count":1,"href":"https:\/\/jbvariedades.audiencelabs.com.br\/wp-json\/wp\/v2\/posts\/890\/revisions"}],"predecessor-version":[{"id":896,"href":"https:\/\/jbvariedades.audiencelabs.com.br\/wp-json\/wp\/v2\/posts\/890\/revisions\/896"}],"wp:featuredmedia":[{"embeddable":true,"href":"https:\/\/jbvariedades.audiencelabs.com.br\/wp-json\/wp\/v2\/media\/895"}],"wp:attachment":[{"href":"https:\/\/jbvariedades.audiencelabs.com.br\/wp-json\/wp\/v2\/media?parent=890"}],"wp:term":[{"taxonomy":"category","embeddable":true,"href":"https:\/\/jbvariedades.audiencelabs.com.br\/wp-json\/wp\/v2\/categories?post=890"},{"taxonomy":"post_tag","embeddable":true,"href":"https:\/\/jbvariedades.audiencelabs.com.br\/wp-json\/wp\/v2\/tags?post=890"}],"curies":[{"name":"wp","href":"https:\/\/api.w.org\/{rel}","templated":true}]}}