{"id":837,"date":"2026-04-28T19:00:00","date_gmt":"2026-04-28T22:00:00","guid":{"rendered":"https:\/\/jbvariedades.audiencelabs.com.br\/?p=837"},"modified":"2026-04-28T13:53:57","modified_gmt":"2026-04-28T16:53:57","slug":"dia-mais-frio-de-2026-chegou-com-pedacinhos-de-neve-em-cidade-de-interior-do-sul","status":"publish","type":"post","link":"https:\/\/jbvariedades.audiencelabs.com.br\/dia-mais-frio-de-2026-chegou-com-pedacinhos-de-neve-em-cidade-de-interior-do-sul\/","title":{"rendered":"Dia mais frio de 2026 chegou com pedacinhos de neve em cidade de interior do Sul"},"content":{"rendered":"\n<p>O frio mais intenso de 2026 deixou de ser apenas previs\u00e3o e j\u00e1 chegou no Sul do Brasil. Em algumas cidades do interior, como no Vale do Taquari, o fen\u00f4meno foi al\u00e9m da baixa temperatura: moradores relataram a presen\u00e7a de pequenos cristais de gelo, semelhantes a \u201cpedacinhos de neve\u201d, durante a madrugada.<\/p>\n\n\n\n<p>Esse cen\u00e1rio ocorre justamente no momento em que uma massa de ar polar avan\u00e7a sobre a regi\u00e3o, derrubando as temperaturas para os menores n\u00edveis do ano at\u00e9 agora.<\/p>\n\n\n\n<h2 class=\"wp-block-heading\">O que provocou o dia mais frio do ano<\/h2>\n\n\n\n<p>A queda brusca nas temperaturas n\u00e3o acontece de forma isolada. Ela segue um mecanismo clim\u00e1tico espec\u00edfico.<\/p>\n\n\n\n<p>De acordo com previs\u00f5es meteorol\u00f3gicas, uma massa de ar polar de origem continental come\u00e7ou a avan\u00e7ar pelo Sul a partir do fim de abril, impulsionada por sistemas atmosf\u00e9ricos no extremo sul do continente.<\/p>\n\n\n\n<p>Esse tipo de massa de ar funciona como um \u201cbloqueio t\u00e9rmico reverso\u201d:<\/p>\n\n\n\n<ul class=\"wp-block-list\">\n<li>Reduz rapidamente a temperatura do ar<\/li>\n\n\n\n<li>Intensifica o resfriamento durante a madrugada<\/li>\n\n\n\n<li>Favorece a forma\u00e7\u00e3o de fen\u00f4menos como geada e gelo superficial<\/li>\n<\/ul>\n\n\n\n<p>Na pr\u00e1tica, isso cria condi\u00e7\u00f5es para que a temperatura se aproxime de 0 \u00b0C, ou at\u00e9 fique negativa em \u00e1reas de maior altitude.<\/p>\n\n\n\n<h2 class=\"wp-block-heading\">Por que surgem \u201cpedacinhos de neve\u201d<\/h2>\n\n\n\n<p>Apesar de chamar aten\u00e7\u00e3o, o fen\u00f4meno registrado n\u00e3o \u00e9 necessariamente neve tradicional. O que ocorre, na maioria dos casos, \u00e9 a forma\u00e7\u00e3o de cristais de gelo, resultado do congelamento de got\u00edculas de \u00e1gua em nuvens muito frias. Esse processo acontece quando h\u00e1 umidade suficiente no ar, a temperatura est\u00e1 muito baixa e correntes de ar favorecem a forma\u00e7\u00e3o de part\u00edculas congeladas.<\/p>\n\n\n\n<p>Sendo assim, n\u00e3o se trata de neve acumulada, mas de uma precipita\u00e7\u00e3o s\u00f3lida leve, que visualmente se assemelha a pequenos flocos. Esse tipo de ocorr\u00eancia \u00e9 mais comum em epis\u00f3dios de frio intenso, especialmente em regi\u00f5es de altitude ou no interior do Sul.<\/p>\n\n\n\n<h2 class=\"wp-block-heading\">Confira as temperaturas nas principais cidades afetadas<\/h2>\n\n\n\n<ul class=\"wp-block-list\">\n<li>Vale do Taquari -2,6\u00b0C<\/li>\n\n\n\n<li>Teut\u00f4nia: entre 2,8\u00b0C e 4,7\u00b0C<\/li>\n\n\n\n<li>Lajeado: 7,9\u00b0C<\/li>\n\n\n\n<li>Imigrante: 4,2\u00b0C<\/li>\n\n\n\n<li>Mato Leit\u00e3o: 5,3\u00b0C<\/li>\n\n\n\n<li>Doutor Ricardo: 3,1\u00b0C<\/li>\n\n\n\n<li>Estrela: 8,8\u00b0C<\/li>\n\n\n\n<li>Arvorezinha: 2,7\u00b0C<\/li>\n\n\n\n<li>Nova Br\u00e9scia: 4,2\u00b0C<\/li>\n\n\n\n<li>Soledade: -2,6\u00b0C<\/li>\n<\/ul>\n","protected":false},"excerpt":{"rendered":"<p>O frio mais intenso de 2026 deixou de ser apenas previs\u00e3o e j\u00e1 chegou no Sul do Brasil. Em algumas cidades do interior, como no Vale do Taquari, o fen\u00f4meno foi al\u00e9m da baixa temperatura: moradores relataram a presen\u00e7a de pequenos cristais de gelo, semelhantes a \u201cpedacinhos de neve\u201d, durante a madrugada. Esse cen\u00e1rio ocorre [&hellip;]<\/p>\n","protected":false},"author":5,"featured_media":838,"comment_status":"open","ping_status":"open","sticky":false,"template":"","format":"standard","meta":{"jnews-multi-image_gallery":[],"jnews_single_post":{"format":"standard"},"jnews_primary_category":[],"jnews_social_meta":[],"jnews_post_split":[],"footnotes":""},"categories":[1],"tags":[],"class_list":["post-837","post","type-post","status-publish","format-standard","has-post-thumbnail","hentry","category-variedades"],"_links":{"self":[{"href":"https:\/\/jbvariedades.audiencelabs.com.br\/wp-json\/wp\/v2\/posts\/837","targetHints":{"allow":["GET"]}}],"collection":[{"href":"https:\/\/jbvariedades.audiencelabs.com.br\/wp-json\/wp\/v2\/posts"}],"about":[{"href":"https:\/\/jbvariedades.audiencelabs.com.br\/wp-json\/wp\/v2\/types\/post"}],"author":[{"embeddable":true,"href":"https:\/\/jbvariedades.audiencelabs.com.br\/wp-json\/wp\/v2\/users\/5"}],"replies":[{"embeddable":true,"href":"https:\/\/jbvariedades.audiencelabs.com.br\/wp-json\/wp\/v2\/comments?post=837"}],"version-history":[{"count":1,"href":"https:\/\/jbvariedades.audiencelabs.com.br\/wp-json\/wp\/v2\/posts\/837\/revisions"}],"predecessor-version":[{"id":839,"href":"https:\/\/jbvariedades.audiencelabs.com.br\/wp-json\/wp\/v2\/posts\/837\/revisions\/839"}],"wp:featuredmedia":[{"embeddable":true,"href":"https:\/\/jbvariedades.audiencelabs.com.br\/wp-json\/wp\/v2\/media\/838"}],"wp:attachment":[{"href":"https:\/\/jbvariedades.audiencelabs.com.br\/wp-json\/wp\/v2\/media?parent=837"}],"wp:term":[{"taxonomy":"category","embeddable":true,"href":"https:\/\/jbvariedades.audiencelabs.com.br\/wp-json\/wp\/v2\/categories?post=837"},{"taxonomy":"post_tag","embeddable":true,"href":"https:\/\/jbvariedades.audiencelabs.com.br\/wp-json\/wp\/v2\/tags?post=837"}],"curies":[{"name":"wp","href":"https:\/\/api.w.org\/{rel}","templated":true}]}}