{"id":830,"date":"2026-04-28T15:33:00","date_gmt":"2026-04-28T18:33:00","guid":{"rendered":"https:\/\/jbvariedades.audiencelabs.com.br\/?p=830"},"modified":"2026-04-28T11:43:40","modified_gmt":"2026-04-28T14:43:40","slug":"bolsa-familia-de-abril-ainda-tem-pessoas-que-vao-receber-r-600","status":"publish","type":"post","link":"https:\/\/jbvariedades.audiencelabs.com.br\/bolsa-familia-de-abril-ainda-tem-pessoas-que-vao-receber-r-600\/","title":{"rendered":"Bolsa Fam\u00edlia de abril: ainda tem pessoas que v\u00e3o receber R$ 600"},"content":{"rendered":"\n<p>Os pagamentos do <strong>Bolsa Fam\u00edlia<\/strong> de abril de 2026 ainda n\u00e3o acabaram. Os benefici\u00e1rios com <strong>N\u00famero de Identifica\u00e7\u00e3o Social<\/strong> (<strong>NIS<\/strong>) de final 7, 8, 9 e 0 ainda t\u00eam dep\u00f3sitos programados at\u00e9 o dia 30 deste m\u00eas.<\/p>\n\n\n\n<p>O repasse come\u00e7ou no dia 16 de abril e segue de forma escalonada, conforme o n\u00famero final do NIS de cada benefici\u00e1rio.<\/p>\n\n\n\n<h2 class=\"wp-block-heading\">Quem vai receber e quando?<\/h2>\n\n\n\n<p>Veja as datas restantes do calend\u00e1rio de abril:<\/p>\n\n\n\n<ul class=\"wp-block-list\">\n<li>Final 7: 27 de abril<\/li>\n\n\n\n<li>Final 8: 28 de abril<\/li>\n\n\n\n<li>Final 9: 29 de abril<\/li>\n\n\n\n<li>Final 0: 30 de abril<\/li>\n<\/ul>\n\n\n\n<p>Quem tem NIS com finais de 1 a 6 j\u00e1 recebeu nas datas anteriores. O n\u00famero do NIS aparece no cart\u00e3o do benefici\u00e1rio e tamb\u00e9m pode ser consultado nos aplicativos oficiais do governo.<\/p>\n\n\n\n<h2 class=\"wp-block-heading\">Quanto cada fam\u00edlia recebe?<\/h2>\n\n\n\n<p>O programa garante um valor m\u00ednimo de R$ 600 por fam\u00edlia. Al\u00e9m disso, existem adicionais conforme a composi\u00e7\u00e3o do n\u00facleo familiar.<\/p>\n\n\n\n<p>Fam\u00edlias com crian\u00e7as de at\u00e9 seis anos recebem R$ 150 extras por crian\u00e7a. Gestantes, nutrizes e jovens entre sete e 17 anos t\u00eam direito a um adicional de R$ 50 por pessoa contemplada nesse perfil.<\/p>\n\n\n\n<p>O valor \u00e9 depositado pela <strong>Caixa Econ\u00f4mica Federal<\/strong> e pode ser acessado pelo aplicativo <strong>Caixa Tem<\/strong>. Tamb\u00e9m \u00e9 poss\u00edvel usar o cart\u00e3o do programa na fun\u00e7\u00e3o d\u00e9bito, sacar em caixas eletr\u00f4nicos, casas lot\u00e9ricas e correspondentes banc\u00e1rios.<\/p>\n\n\n\n<p>Caso o valor n\u00e3o apare\u00e7a na data prevista, o recomendado \u00e9 consultar o Caixa Tem ou procurar atendimento no <strong>Centro de Refer\u00eancia de Assist\u00eancia Social<\/strong> (<strong>CRAS<\/strong>) do seu munic\u00edpio.<\/p>\n\n\n\n<h2 class=\"wp-block-heading\">N\u00e3o esque\u00e7a de manter o cadastro atualizado<\/h2>\n\n\n\n<p>Para evitar bloqueios ou suspens\u00e3o do benef\u00edcio, \u00e9 fundamental manter os dados corretos no <strong>Cadastro \u00danico<\/strong> (<strong>Cad\u00danico<\/strong>). Mudan\u00e7as de endere\u00e7o, renda ou composi\u00e7\u00e3o familiar precisam ser informadas nos canais de atendimento social do munic\u00edpio.<\/p>\n\n\n\n<p>Mesmo quando nada muda na situa\u00e7\u00e3o da fam\u00edlia, a recomenda\u00e7\u00e3o \u00e9 atualizar o cadastro a cada dois anos. Deixar essa regulariza\u00e7\u00e3o de lado pode gerar pend\u00eancias e comprometer o recebimento nas pr\u00f3ximas datas.<\/p>\n","protected":false},"excerpt":{"rendered":"<p>Os pagamentos do Bolsa Fam\u00edlia de abril de 2026 ainda n\u00e3o acabaram. Os benefici\u00e1rios com N\u00famero de Identifica\u00e7\u00e3o Social (NIS) de final 7, 8, 9 e 0 ainda t\u00eam dep\u00f3sitos programados at\u00e9 o dia 30 deste m\u00eas. O repasse come\u00e7ou no dia 16 de abril e segue de forma escalonada, conforme o n\u00famero final do [&hellip;]<\/p>\n","protected":false},"author":4,"featured_media":538,"comment_status":"open","ping_status":"open","sticky":false,"template":"","format":"standard","meta":{"jnews-multi-image_gallery":[],"jnews_single_post":{"format":"standard"},"jnews_primary_category":[],"jnews_social_meta":[],"jnews_post_split":[],"footnotes":""},"categories":[1],"tags":[146,141,140,137,363,145,364,148],"class_list":["post-830","post","type-post","status-publish","format-standard","has-post-thumbnail","hentry","category-variedades","tag-assistencia-social","tag-bolsa-familia","tag-cadunico","tag-caixa-economica-federal","tag-caixa-tem","tag-cras","tag-seguranca-social","tag-utilidade-publica"],"_links":{"self":[{"href":"https:\/\/jbvariedades.audiencelabs.com.br\/wp-json\/wp\/v2\/posts\/830","targetHints":{"allow":["GET"]}}],"collection":[{"href":"https:\/\/jbvariedades.audiencelabs.com.br\/wp-json\/wp\/v2\/posts"}],"about":[{"href":"https:\/\/jbvariedades.audiencelabs.com.br\/wp-json\/wp\/v2\/types\/post"}],"author":[{"embeddable":true,"href":"https:\/\/jbvariedades.audiencelabs.com.br\/wp-json\/wp\/v2\/users\/4"}],"replies":[{"embeddable":true,"href":"https:\/\/jbvariedades.audiencelabs.com.br\/wp-json\/wp\/v2\/comments?post=830"}],"version-history":[{"count":1,"href":"https:\/\/jbvariedades.audiencelabs.com.br\/wp-json\/wp\/v2\/posts\/830\/revisions"}],"predecessor-version":[{"id":831,"href":"https:\/\/jbvariedades.audiencelabs.com.br\/wp-json\/wp\/v2\/posts\/830\/revisions\/831"}],"wp:featuredmedia":[{"embeddable":true,"href":"https:\/\/jbvariedades.audiencelabs.com.br\/wp-json\/wp\/v2\/media\/538"}],"wp:attachment":[{"href":"https:\/\/jbvariedades.audiencelabs.com.br\/wp-json\/wp\/v2\/media?parent=830"}],"wp:term":[{"taxonomy":"category","embeddable":true,"href":"https:\/\/jbvariedades.audiencelabs.com.br\/wp-json\/wp\/v2\/categories?post=830"},{"taxonomy":"post_tag","embeddable":true,"href":"https:\/\/jbvariedades.audiencelabs.com.br\/wp-json\/wp\/v2\/tags?post=830"}],"curies":[{"name":"wp","href":"https:\/\/api.w.org\/{rel}","templated":true}]}}