{"id":787,"date":"2026-04-28T10:30:00","date_gmt":"2026-04-28T13:30:00","guid":{"rendered":"https:\/\/jbvariedades.audiencelabs.com.br\/?p=787"},"modified":"2026-04-27T16:10:39","modified_gmt":"2026-04-27T19:10:39","slug":"byd-anuncia-bomba-do-seculo-um-carro-eletrico-revolucionario","status":"publish","type":"post","link":"https:\/\/jbvariedades.audiencelabs.com.br\/byd-anuncia-bomba-do-seculo-um-carro-eletrico-revolucionario\/","title":{"rendered":"BYD anuncia bomba do s\u00e9culo: um carro el\u00e9trico revolucion\u00e1rio"},"content":{"rendered":"\n<p>A <strong>BYD<\/strong> apresentou no <strong>Sal\u00e3o do Autom\u00f3vel de Pequim 2026<\/strong> o que pode ser o lan\u00e7amento mais impactante da empresa at\u00e9 hoje. A <strong>Denza<\/strong>, marca premium da BYD, escolheu o evento para inaugurar um novo segmento com o <strong>Denza Z<\/strong>, apresentado como o primeiro &#8220;supercarro el\u00e9trico inteligente do mundo&#8221;.<\/p>\n\n\n\n<p>O modelo chega em vers\u00e3o convers\u00edvel com teto retr\u00e1til e promete desafiar diretamente nomes consagrados como Ferrari, Porsche e Bentley.<\/p>\n\n\n\n<p>Com mais de 1.000 cv de pot\u00eancia, a BYD afirma que o Denza Z acelera de 0 a 100 km\/h em menos de dois segundos. A vers\u00e3o com maior n\u00edvel de performance chega a 1.140 cv, com tr\u00eas motores el\u00e9tricos e bateria de 122,49 kWh.<\/p>\n\n\n\n<p>O sistema de recarga Flash Charging 2.0 permite recarregar o carro em apenas 5 minutos, e a autonomia estimada chega a 599 km pelo ciclo WLTP.<\/p>\n\n\n\n<h2 class=\"wp-block-heading\">Tecnologia de ponta<\/h2>\n\n\n\n<p>O Denza Z foi desenvolvido pela equipe global liderada por <strong>Wolfgang Egger<\/strong>, diretor de design global da BYD. O modelo adota a filosofia &#8220;Pure Emotion&#8221;, com carroceria em fibra de carbono e aerodin\u00e2mica desenvolvida para pressionar o carro contra o asfalto em altas velocidades.<\/p>\n\n\n\n<p>Para compensar a aus\u00eancia de um tejadilho r\u00edgido e manter a integridade estrutural em altas velocidades, o Denza Z utiliza a suspens\u00e3o DiSus-M, com amortecedores especiais que ajustam o comportamento do carro em tempo real.<\/p>\n\n\n\n<p>Por dentro, a cabine aposta em couro em toda a extens\u00e3o, com painel de instrumentos digital e tela central. O volante de base achatada concentra os principais controles do ve\u00edculo.<\/p>\n\n\n\n<h2 class=\"wp-block-heading\">Quando chega e quanto custa?<\/h2>\n\n\n\n<p>O lan\u00e7amento mundial do Denza Z est\u00e1 marcado para julho, durante o <strong>Goodwood Festival of Speed<\/strong>, na Inglaterra. No segundo semestre de 2026, o modelo chega ao Brasil.<\/p>\n\n\n\n<p>O Denza Z j\u00e1 iniciou testes no circuito N\u00fcrburgring Nordschleife, na Alemanha, para validar suas credenciais esportivas antes do in\u00edcio das entregas globais.<\/p>\n\n\n\n<p>O pre\u00e7o exato para o mercado brasileiro ainda n\u00e3o foi confirmado. A refer\u00eancia mais pr\u00f3xima \u00e9 o Denza Z9 GT, lan\u00e7ado na Europa por cerca de 115 mil euros. O Denza Z, por ser o modelo mais avan\u00e7ado da linha, deve custar mais.<\/p>\n\n\n\n<figure class=\"wp-block-embed is-type-video is-provider-youtube wp-block-embed-youtube wp-embed-aspect-16-9 wp-has-aspect-ratio\"><div class=\"wp-block-embed__wrapper\">\n<div class=\"jeg_video_container jeg_video_content\"><iframe title=\"All New 2027 BYD Denza Z - World Premiere and Reveal\" width=\"500\" height=\"281\" src=\"https:\/\/www.youtube.com\/embed\/IumQD3TVNmw?feature=oembed\" frameborder=\"0\" allow=\"accelerometer; autoplay; clipboard-write; encrypted-media; gyroscope; picture-in-picture; web-share\" referrerpolicy=\"strict-origin-when-cross-origin\" allowfullscreen><\/iframe><\/div>\n<\/div><\/figure>\n","protected":false},"excerpt":{"rendered":"<p>A BYD apresentou no Sal\u00e3o do Autom\u00f3vel de Pequim 2026 o que pode ser o lan\u00e7amento mais impactante da empresa at\u00e9 hoje. A Denza, marca premium da BYD, escolheu o evento para inaugurar um novo segmento com o Denza Z, apresentado como o primeiro &#8220;supercarro el\u00e9trico inteligente do mundo&#8221;. O modelo chega em vers\u00e3o convers\u00edvel [&hellip;]<\/p>\n","protected":false},"author":4,"featured_media":788,"comment_status":"open","ping_status":"open","sticky":false,"template":"","format":"standard","meta":{"jnews-multi-image_gallery":[],"jnews_single_post":{"format":"standard"},"jnews_primary_category":[],"jnews_social_meta":[],"jnews_post_split":[],"footnotes":""},"categories":[1],"tags":[124,338,343,339,340,342,337,341],"class_list":["post-787","post","type-post","status-publish","format-standard","has-post-thumbnail","hentry","category-variedades","tag-automobilismo","tag-byd","tag-carros-eletricos","tag-denza","tag-denza-z","tag-goodwood-festival-of-speed","tag-salao-do-automovel-de-pequim-2026","tag-wolfgang-egger"],"_links":{"self":[{"href":"https:\/\/jbvariedades.audiencelabs.com.br\/wp-json\/wp\/v2\/posts\/787","targetHints":{"allow":["GET"]}}],"collection":[{"href":"https:\/\/jbvariedades.audiencelabs.com.br\/wp-json\/wp\/v2\/posts"}],"about":[{"href":"https:\/\/jbvariedades.audiencelabs.com.br\/wp-json\/wp\/v2\/types\/post"}],"author":[{"embeddable":true,"href":"https:\/\/jbvariedades.audiencelabs.com.br\/wp-json\/wp\/v2\/users\/4"}],"replies":[{"embeddable":true,"href":"https:\/\/jbvariedades.audiencelabs.com.br\/wp-json\/wp\/v2\/comments?post=787"}],"version-history":[{"count":1,"href":"https:\/\/jbvariedades.audiencelabs.com.br\/wp-json\/wp\/v2\/posts\/787\/revisions"}],"predecessor-version":[{"id":790,"href":"https:\/\/jbvariedades.audiencelabs.com.br\/wp-json\/wp\/v2\/posts\/787\/revisions\/790"}],"wp:featuredmedia":[{"embeddable":true,"href":"https:\/\/jbvariedades.audiencelabs.com.br\/wp-json\/wp\/v2\/media\/788"}],"wp:attachment":[{"href":"https:\/\/jbvariedades.audiencelabs.com.br\/wp-json\/wp\/v2\/media?parent=787"}],"wp:term":[{"taxonomy":"category","embeddable":true,"href":"https:\/\/jbvariedades.audiencelabs.com.br\/wp-json\/wp\/v2\/categories?post=787"},{"taxonomy":"post_tag","embeddable":true,"href":"https:\/\/jbvariedades.audiencelabs.com.br\/wp-json\/wp\/v2\/tags?post=787"}],"curies":[{"name":"wp","href":"https:\/\/api.w.org\/{rel}","templated":true}]}}