{"id":782,"date":"2026-04-28T08:30:00","date_gmt":"2026-04-28T11:30:00","guid":{"rendered":"https:\/\/jbvariedades.audiencelabs.com.br\/?p=782"},"modified":"2026-04-27T15:48:40","modified_gmt":"2026-04-27T18:48:40","slug":"mbappe-recebe-noticia-assustadora-para-copa-do-mundo","status":"publish","type":"post","link":"https:\/\/jbvariedades.audiencelabs.com.br\/mbappe-recebe-noticia-assustadora-para-copa-do-mundo\/","title":{"rendered":"Mbapp\u00e9 recebe not\u00edcia assustadora para Copa do Mundo"},"content":{"rendered":"\n<p>O <strong>Real Madrid<\/strong> confirmou nesta segunda-feira (27) que o atacante <strong>Kylian Mbapp\u00e9<\/strong> sofreu uma les\u00e3o muscular na coxa, a poucas semanas do in\u00edcio da <strong>Copa do Mundo de 2026<\/strong>. O clube espanhol n\u00e3o divulgou prazo de recupera\u00e7\u00e3o.<\/p>\n\n\n\n<p>Segundo o comunicado oficial do clube, os exames realizados pelo departamento m\u00e9dico diagnosticaram uma les\u00e3o no m\u00fasculo semitendinoso da perna esquerda. O Real Madrid informou apenas que a recupera\u00e7\u00e3o ser\u00e1 acompanhada.<\/p>\n\n\n\n<h2 class=\"wp-block-heading\">O que aconteceu?<\/h2>\n\n\n\n<p>Mbapp\u00e9 sentiu um inc\u00f4modo na coxa esquerda aos 35 minutos do segundo tempo do jogo do Real Madrid contra o Betis, pela 33\u00aa rodada do <strong>Campeonato Espanhol<\/strong>. O camisa 10 pediu substitui\u00e7\u00e3o imediatamente. O time merengue vencia por 1 a 0 quando o craque franc\u00eas saiu de campo e, em seguida, cedeu o empate.<\/p>\n\n\n\n<p>O t\u00e9cnico <strong>\u00c1lvaro Arbeloa<\/strong> evitou dar detalhes sobre o tempo de recupera\u00e7\u00e3o ap\u00f3s o jogo. &#8220;Ele sentiu um desconforto e vamos ver nos pr\u00f3ximos dias como vai evoluir&#8221;, disse o treinador.<\/p>\n\n\n\n<h2 class=\"wp-block-heading\">Susto na Fran\u00e7a<\/h2>\n\n\n\n<p>A not\u00edcia chegou em um momento delicado para a sele\u00e7\u00e3o francesa. A les\u00e3o ocorre a poucas semanas do in\u00edcio do Mundial, com Mbapp\u00e9 sendo o &#8220;\u00e1s&#8221; dos franceses. Apesar do susto, as primeiras avalia\u00e7\u00f5es no vesti\u00e1rio sugerem que a presen\u00e7a do atacante na Copa do Mundo ainda n\u00e3o est\u00e1 amea\u00e7ada.<\/p>\n\n\n\n<p>No entanto, o quadro fica ainda mais preocupante porque a Fran\u00e7a j\u00e1 perdeu outro nome importante para o torneio. <strong>Hugo Ekitike<\/strong> sofreu uma ruptura do tend\u00e3o de Aquiles e est\u00e1 descartado do Mundial.<\/p>\n\n\n\n<h2 class=\"wp-block-heading\">Temporada de les\u00f5es acumuladas<\/h2>\n\n\n\n<p>Na temporada 2025\/26, Mbapp\u00e9 j\u00e1 havia sofrido dois problemas no joelho e desfalcado o Real Madrid em sete jogos. Mesmo assim, o craque soma 41 gols e seis assist\u00eancias em 41 partidas. Desde a chegada ao clube espanhol em 2024, acumula 85 gols e 11 assist\u00eancias em 100 jogos.<\/p>\n\n\n\n<p>O brasileiro Rodrygo tamb\u00e9m est\u00e1 entre os jogadores que ficar\u00e3o de fora da Copa do Mundo 2026. A reta final da temporada europeia deixou um rastro de desfalques de peso. Lamine Yamal, do Barcelona, tamb\u00e9m \u00e9 d\u00favida ap\u00f3s se machucar na \u00faltima semana.<\/p>\n\n\n\n<p>A Copa do Mundo de 2026 come\u00e7a no dia 11 de junho, nos Estados Unidos, no Canad\u00e1 e no M\u00e9xico. Com menos de dois meses para a estreia, os departamentos m\u00e9dicos das principais sele\u00e7\u00f5es trabalham em ritmo acelerado para preservar seus atletas mais importantes.<\/p>\n","protected":false},"excerpt":{"rendered":"<p>O Real Madrid confirmou nesta segunda-feira (27) que o atacante Kylian Mbapp\u00e9 sofreu uma les\u00e3o muscular na coxa, a poucas semanas do in\u00edcio da Copa do Mundo de 2026. O clube espanhol n\u00e3o divulgou prazo de recupera\u00e7\u00e3o. Segundo o comunicado oficial do clube, os exames realizados pelo departamento m\u00e9dico diagnosticaram uma les\u00e3o no m\u00fasculo semitendinoso [&hellip;]<\/p>\n","protected":false},"author":4,"featured_media":785,"comment_status":"open","ping_status":"open","sticky":false,"template":"","format":"standard","meta":{"jnews-multi-image_gallery":[],"jnews_single_post":{"format":"standard"},"jnews_primary_category":[],"jnews_social_meta":[],"jnews_post_split":[],"footnotes":""},"categories":[1],"tags":[332,334,301,236,287,333,336,335],"class_list":["post-782","post","type-post","status-publish","format-standard","has-post-thumbnail","hentry","category-variedades","tag-alvaro-arbeloa","tag-campeonato-espanhol","tag-copa-do-mundo-2026","tag-esportes","tag-futebol","tag-hugo-ekitike","tag-kylian-mbappe","tag-real-madrid"],"_links":{"self":[{"href":"https:\/\/jbvariedades.audiencelabs.com.br\/wp-json\/wp\/v2\/posts\/782","targetHints":{"allow":["GET"]}}],"collection":[{"href":"https:\/\/jbvariedades.audiencelabs.com.br\/wp-json\/wp\/v2\/posts"}],"about":[{"href":"https:\/\/jbvariedades.audiencelabs.com.br\/wp-json\/wp\/v2\/types\/post"}],"author":[{"embeddable":true,"href":"https:\/\/jbvariedades.audiencelabs.com.br\/wp-json\/wp\/v2\/users\/4"}],"replies":[{"embeddable":true,"href":"https:\/\/jbvariedades.audiencelabs.com.br\/wp-json\/wp\/v2\/comments?post=782"}],"version-history":[{"count":1,"href":"https:\/\/jbvariedades.audiencelabs.com.br\/wp-json\/wp\/v2\/posts\/782\/revisions"}],"predecessor-version":[{"id":786,"href":"https:\/\/jbvariedades.audiencelabs.com.br\/wp-json\/wp\/v2\/posts\/782\/revisions\/786"}],"wp:featuredmedia":[{"embeddable":true,"href":"https:\/\/jbvariedades.audiencelabs.com.br\/wp-json\/wp\/v2\/media\/785"}],"wp:attachment":[{"href":"https:\/\/jbvariedades.audiencelabs.com.br\/wp-json\/wp\/v2\/media?parent=782"}],"wp:term":[{"taxonomy":"category","embeddable":true,"href":"https:\/\/jbvariedades.audiencelabs.com.br\/wp-json\/wp\/v2\/categories?post=782"},{"taxonomy":"post_tag","embeddable":true,"href":"https:\/\/jbvariedades.audiencelabs.com.br\/wp-json\/wp\/v2\/tags?post=782"}],"curies":[{"name":"wp","href":"https:\/\/api.w.org\/{rel}","templated":true}]}}