{"id":758,"date":"2026-04-28T22:00:00","date_gmt":"2026-04-29T01:00:00","guid":{"rendered":"https:\/\/jbvariedades.audiencelabs.com.br\/?p=758"},"modified":"2026-04-27T14:31:27","modified_gmt":"2026-04-27T17:31:27","slug":"casa-do-dragao-na-hbo-ja-tem-data-prevista-para-estreia-da-nova-temporada","status":"publish","type":"post","link":"https:\/\/jbvariedades.audiencelabs.com.br\/casa-do-dragao-na-hbo-ja-tem-data-prevista-para-estreia-da-nova-temporada\/","title":{"rendered":"Casa do Drag\u00e3o na HBO j\u00e1 tem data prevista para estreia da nova temporada"},"content":{"rendered":"\n<p>Se voc\u00ea \u00e9 f\u00e3 da s\u00e9rie \u201cA Casa do Drag\u00e3o\u201d (&#8220;House of the Dragon&#8221;), com certeza deve estar ansioso para saber quando entreia a nova temporada da obra na HBO Max. Saiba que a sua espera acabou, pois a data j\u00e1 foi revelada. Ser\u00e1 no dia 21 de junho.<\/p>\n\n\n\n<h2 class=\"wp-block-heading\">Trailer<\/h2>\n\n\n\n<p>Durante a CCXP (Comic Con Experience), no M\u00e9xico, realizada no s\u00e1bado, 25, foi revelado o novo trailer da terceira temporada da s\u00e9rie. No painel, estiveram os atores Matt Smith (Daemon Targaryen), Fabien Frankel (Criston Cole) e Olivia Cooke (Alicent Hightower), que comentaram sobre as expectativas em rela\u00e7\u00e3o a nova fase da s\u00e9rie.<\/p>\n\n\n\n<p>Matt Smith destacou a presen\u00e7a de v\u00e1rias batalhas na temporada. Al\u00e9m disso, j\u00e1 alertou que os epis\u00f3dios ser\u00e3o mais brutais, sagrentos e perigosos.  Por outro lado, Fabien Frankel, destacou que o seu personagem tem como foco a pr\u00f3pria sobreviv\u00eancia. J\u00e1 Olivia falou sobre a rela\u00e7\u00e3o entre Alicent Hightower e Rhaenyra Targaryen, enfatizando que para existir o \u00f3dio deve ter tido a presen\u00e7a de amor em algum momento.<\/p>\n\n\n\n<p>O novo trailer releva um clima de guerra e tens\u00e3o, coisas que devem prevalecer nessa nova etapa da trama.<\/p>\n\n\n\n<figure class=\"wp-block-embed is-type-video is-provider-youtube wp-block-embed-youtube wp-embed-aspect-16-9 wp-has-aspect-ratio\"><div class=\"wp-block-embed__wrapper\">\n<div class=\"jeg_video_container jeg_video_content\"><iframe title=\"A Casa do Drag\u00e3o - Temporada 3 | Teaser Trailer Dublado | HBO Max\" width=\"500\" height=\"281\" src=\"https:\/\/www.youtube.com\/embed\/gSJoZ-3914c?feature=oembed\" frameborder=\"0\" allow=\"accelerometer; autoplay; clipboard-write; encrypted-media; gyroscope; picture-in-picture; web-share\" referrerpolicy=\"strict-origin-when-cross-origin\" allowfullscreen><\/iframe><\/div>\n<\/div><\/figure>\n\n\n\n<h2 class=\"wp-block-heading\">O que esperar da 3\u00aa temporada?<\/h2>\n\n\n\n<p>A pr\u00f3xima fase de \u201cA Casa do Drag\u00e3o\u201d promete mergulhar o p\u00fablico em um cen\u00e1rio de instabilidade pol\u00edtica e retalia\u00e7\u00e3o familiar. Com a ascens\u00e3o de Aemond ao Trono de Ferro, a narrativa deve explorar a face de um governante imprevis\u00edvel que rejeita as tentativas de controle de sua m\u00e3e, Alicent. <\/p>\n\n\n\n<p>Enquanto isso, um Aegon debilitado chega a decis\u00e3o de abandonar Porto Real. Al\u00e9m dos jogos de poder, a terceira temporada elevar\u00e1 a escala da guerra com combates a\u00e9reos massivos e o uso intenso de drag\u00f5es. O enredo ainda deve seguir o acordo sombrio entre as antigas amigas Alicent e Rhaenyra. Vale destacar ainda que a nova temporada deve ser iniciada explorando os eventos da Batalha da Goela.<\/p>\n","protected":false},"excerpt":{"rendered":"<p>Se voc\u00ea \u00e9 f\u00e3 da s\u00e9rie \u201cA Casa do Drag\u00e3o\u201d (&#8220;House of the Dragon&#8221;), com certeza deve estar ansioso para saber quando entreia a nova temporada da obra na HBO Max. Saiba que a sua espera acabou, pois a data j\u00e1 foi revelada. Ser\u00e1 no dia 21 de junho. Trailer Durante a CCXP (Comic Con [&hellip;]<\/p>\n","protected":false},"author":5,"featured_media":760,"comment_status":"open","ping_status":"open","sticky":false,"template":"","format":"standard","meta":{"jnews-multi-image_gallery":[],"jnews_single_post":{"format":"standard"},"jnews_primary_category":[],"jnews_social_meta":[],"jnews_post_split":[],"footnotes":""},"categories":[1],"tags":[],"class_list":["post-758","post","type-post","status-publish","format-standard","has-post-thumbnail","hentry","category-variedades"],"_links":{"self":[{"href":"https:\/\/jbvariedades.audiencelabs.com.br\/wp-json\/wp\/v2\/posts\/758","targetHints":{"allow":["GET"]}}],"collection":[{"href":"https:\/\/jbvariedades.audiencelabs.com.br\/wp-json\/wp\/v2\/posts"}],"about":[{"href":"https:\/\/jbvariedades.audiencelabs.com.br\/wp-json\/wp\/v2\/types\/post"}],"author":[{"embeddable":true,"href":"https:\/\/jbvariedades.audiencelabs.com.br\/wp-json\/wp\/v2\/users\/5"}],"replies":[{"embeddable":true,"href":"https:\/\/jbvariedades.audiencelabs.com.br\/wp-json\/wp\/v2\/comments?post=758"}],"version-history":[{"count":2,"href":"https:\/\/jbvariedades.audiencelabs.com.br\/wp-json\/wp\/v2\/posts\/758\/revisions"}],"predecessor-version":[{"id":764,"href":"https:\/\/jbvariedades.audiencelabs.com.br\/wp-json\/wp\/v2\/posts\/758\/revisions\/764"}],"wp:featuredmedia":[{"embeddable":true,"href":"https:\/\/jbvariedades.audiencelabs.com.br\/wp-json\/wp\/v2\/media\/760"}],"wp:attachment":[{"href":"https:\/\/jbvariedades.audiencelabs.com.br\/wp-json\/wp\/v2\/media?parent=758"}],"wp:term":[{"taxonomy":"category","embeddable":true,"href":"https:\/\/jbvariedades.audiencelabs.com.br\/wp-json\/wp\/v2\/categories?post=758"},{"taxonomy":"post_tag","embeddable":true,"href":"https:\/\/jbvariedades.audiencelabs.com.br\/wp-json\/wp\/v2\/tags?post=758"}],"curies":[{"name":"wp","href":"https:\/\/api.w.org\/{rel}","templated":true}]}}