{"id":755,"date":"2026-04-28T20:00:00","date_gmt":"2026-04-28T23:00:00","guid":{"rendered":"https:\/\/jbvariedades.audiencelabs.com.br\/?p=755"},"modified":"2026-04-27T13:51:52","modified_gmt":"2026-04-27T16:51:52","slug":"moto-com-2-pessoas-esta-oficialmente-proibido-por-lei-nesta-capital","status":"publish","type":"post","link":"https:\/\/jbvariedades.audiencelabs.com.br\/moto-com-2-pessoas-esta-oficialmente-proibido-por-lei-nesta-capital\/","title":{"rendered":"Moto com 2 pessoas est\u00e1 oficialmente proibido por lei nesta capital"},"content":{"rendered":"\n<p>Uma nova regra de tr\u00e2nsito que come\u00e7ou a valer em 20 de janeiro de 2026 chamou aten\u00e7\u00e3o ao estabelecer a proibi\u00e7\u00e3o de motocicletas com dois ocupantes na capital de um pa\u00eds sul-americano. Apesar de gerar repercuss\u00e3o entre brasileiros, a medida n\u00e3o foi adotada no Brasil, ela est\u00e1 em vigor nas cidades de Lima e Callao, no Peru, e segue uma l\u00f3gica espec\u00edfica de seguran\u00e7a p\u00fablica.<\/p>\n\n\n\n<p>Na pr\u00e1tica, o que mudou n\u00e3o foi o uso da moto em si, mas a forma como ela pode circular: o transporte de passageiros na garupa passou a ser proibido em determinadas \u00e1reas. As motos afetadas s\u00e3o as das categorias L1 e L3, incluindo ve\u00edculos de duas rodas com cilindradas que partem de 50 cm\u00b3<\/p>\n\n\n\n<h2 class=\"wp-block-heading\">Como funciona a nova regra<\/h2>\n\n\n\n<p>A proibi\u00e7\u00e3o foi formalizada por meio do Decreto Supremo n\u00ba 002-2026-MTC e entrou em vigor em janeiro de 2026. Agora, motos n\u00e3o podem circular com duas pessoas. A regra vale tanto para uso pessoal quanto profissional e a fiscaliza\u00e7\u00e3o \u00e9 feita por autoridades de tr\u00e2nsito e seguran\u00e7a.<\/p>\n\n\n\n<h2 class=\"wp-block-heading\">Por que a medida foi adotada<\/h2>\n\n\n\n<p>O ponto central da decis\u00e3o n\u00e3o est\u00e1 no tr\u00e2nsito, mas na seguran\u00e7a. As cidades de Lima e Callao est\u00e3o sob estado de emerg\u00eancia, e o uso de motocicletas com dois ocupantes foi identificado como um padr\u00e3o recorrente em crimes como assaltos e execu\u00e7\u00f5es.<\/p>\n\n\n\n<p>A ideia da nova regra \u00e9 reduzir a mobilidade de criminosos, dificultar a\u00e7\u00f5es r\u00e1pidas com fuga em dupla e aumentar o controle sobre deslocamentos urbanos.<\/p>\n\n\n\n<h2 class=\"wp-block-heading\">Quais s\u00e3o as puni\u00e7\u00f5es<\/h2>\n\n\n\n<p>O descumprimento da regra gera penalidades diretas e progressivas. Entre as principais consequ\u00eancias est\u00e1 a multa de 660 soles (aproximadamente R$ 1.050). Em caso de reincid\u00eancia, o valor dobra para1.320 soles (por volta de R$ 2,1 mil). Outra puni\u00e7\u00e3o \u00e9 o ac\u00famulo de pontos na carteira e at\u00e9 a perda de benef\u00edcios administrativos. <\/p>\n","protected":false},"excerpt":{"rendered":"<p>Uma nova regra de tr\u00e2nsito que come\u00e7ou a valer em 20 de janeiro de 2026 chamou aten\u00e7\u00e3o ao estabelecer a proibi\u00e7\u00e3o de motocicletas com dois ocupantes na capital de um pa\u00eds sul-americano. Apesar de gerar repercuss\u00e3o entre brasileiros, a medida n\u00e3o foi adotada no Brasil, ela est\u00e1 em vigor nas cidades de Lima e Callao, [&hellip;]<\/p>\n","protected":false},"author":5,"featured_media":756,"comment_status":"open","ping_status":"open","sticky":false,"template":"","format":"standard","meta":{"jnews-multi-image_gallery":[],"jnews_single_post":{"format":"standard"},"jnews_primary_category":[],"jnews_social_meta":[],"jnews_post_split":[],"footnotes":""},"categories":[1],"tags":[],"class_list":["post-755","post","type-post","status-publish","format-standard","has-post-thumbnail","hentry","category-variedades"],"_links":{"self":[{"href":"https:\/\/jbvariedades.audiencelabs.com.br\/wp-json\/wp\/v2\/posts\/755","targetHints":{"allow":["GET"]}}],"collection":[{"href":"https:\/\/jbvariedades.audiencelabs.com.br\/wp-json\/wp\/v2\/posts"}],"about":[{"href":"https:\/\/jbvariedades.audiencelabs.com.br\/wp-json\/wp\/v2\/types\/post"}],"author":[{"embeddable":true,"href":"https:\/\/jbvariedades.audiencelabs.com.br\/wp-json\/wp\/v2\/users\/5"}],"replies":[{"embeddable":true,"href":"https:\/\/jbvariedades.audiencelabs.com.br\/wp-json\/wp\/v2\/comments?post=755"}],"version-history":[{"count":1,"href":"https:\/\/jbvariedades.audiencelabs.com.br\/wp-json\/wp\/v2\/posts\/755\/revisions"}],"predecessor-version":[{"id":757,"href":"https:\/\/jbvariedades.audiencelabs.com.br\/wp-json\/wp\/v2\/posts\/755\/revisions\/757"}],"wp:featuredmedia":[{"embeddable":true,"href":"https:\/\/jbvariedades.audiencelabs.com.br\/wp-json\/wp\/v2\/media\/756"}],"wp:attachment":[{"href":"https:\/\/jbvariedades.audiencelabs.com.br\/wp-json\/wp\/v2\/media?parent=755"}],"wp:term":[{"taxonomy":"category","embeddable":true,"href":"https:\/\/jbvariedades.audiencelabs.com.br\/wp-json\/wp\/v2\/categories?post=755"},{"taxonomy":"post_tag","embeddable":true,"href":"https:\/\/jbvariedades.audiencelabs.com.br\/wp-json\/wp\/v2\/tags?post=755"}],"curies":[{"name":"wp","href":"https:\/\/api.w.org\/{rel}","templated":true}]}}