{"id":747,"date":"2026-04-28T12:00:00","date_gmt":"2026-04-28T15:00:00","guid":{"rendered":"https:\/\/jbvariedades.audiencelabs.com.br\/?p=747"},"modified":"2026-04-27T13:32:19","modified_gmt":"2026-04-27T16:32:19","slug":"brasileiros-vao-ganhar-final-de-semana-prolongado-de-3-dias","status":"publish","type":"post","link":"https:\/\/jbvariedades.audiencelabs.com.br\/brasileiros-vao-ganhar-final-de-semana-prolongado-de-3-dias\/","title":{"rendered":"Brasileiros v\u00e3o ganhar final de semana prolongado de 3 dias"},"content":{"rendered":"\n<p>\u00c9 normal que os trabalhadores esperem ansiosamente para um feriado prolongado para poderem descansar e at\u00e9 mesmo terem momentos de lazer. Nesta semana, muitos poder\u00e3o aproveitar dessa folga, j\u00e1 que na sexta-feira \u00e9 comemorado o 1\u00ba de maio, Dia do Trabalhador, e feriado nacional no Brasil garantido pela<a href=\"https:\/\/www.planalto.gov.br\/ccivil_03\/leis\/2002\/l10607.htm\" target=\"_blank\" rel=\"noreferrer noopener\"> Lei n\u00ba 10.607<\/a>, de 19 de dezembro de 2002.<\/p>\n\n\n\n<p>A data \u00e9 destaque pois serve como uma forma de homenagear as conquistas da classe trabalhadora em todo o pa\u00eds. Como a data cai na sexta-feira, muitos brasileiros poder\u00e3o aproveitar um final de semana prolongado de 3 dias.<\/p>\n\n\n\n<h2 class=\"wp-block-heading\">Excess\u00f5es <\/h2>\n\n\n\n<p>Muitos profissionais que atuam em setores essenciais, como na \u00e1rea da s\u00e1ude, seguran\u00e7a e tr\u00e2nsito n\u00e3o poder\u00e3o aproveitar do feriado prolongado, j\u00e1 que esses servi\u00e7os n\u00e3o podem ficar indispon\u00edveis para a popula\u00e7\u00e3o. Ent\u00e3o, muita gente ter\u00e1 que trabalhar na data. <\/p>\n\n\n\n<p>Por\u00e9m, apesar de n\u00e3o contarem com a folga, ele podem ter um benef\u00edcio no bolso, pois a legisla\u00e7\u00e3o brasileira permite que, nessas condi\u00e7\u00f5es, os trabalhadores sejam compensado com uma quantia em dobro em rela\u00e7\u00e3o ao pagamento normal do dia de trabalho. Al\u00e9m disso, existe a possibilidade de a recompensa ser um dia de folga posteriormente. <\/p>\n\n\n\n<h2 class=\"wp-block-heading\">1\u00ba de maio tem grande relev\u00e2ncia<\/h2>\n\n\n\n<p>O Dia do Trabalhador faz refer\u00eancia a movimentos que resultaram em conquistas importantes para a classe trabalhadora, possibilitando melhores condi\u00e7\u00f5es de trabalho. Na data, h\u00e1 muitas pessoas que realizam atos comemorativos e reflex\u00f5es.<\/p>\n\n\n\n<p>A origem da data se deu em 1\u00ba de maio de 1886, nos Estados Unidos, onde aproximadamente 340 mil trabalhadores realizaram uma grande greve na cidade de Chicago. O objetivo era lutar para que a jornada de trabalho fosse reduzida. <\/p>\n\n\n\n<p>Na \u00e9poca, os trabalhadores atuavam sem seus postos sem limite de carga hor\u00e1ria. Em alguns casos, acontecia de os profissionais trabalharem por mais de 16 horas por dia. Ent\u00e3o, as reinvindica\u00e7\u00f5es solicitavam um tempo de servi\u00e7o de 8 horas diariamente. Assim, a data se concretizou como o Dia do Trabalhador e foi sendo aderida por diversos pa\u00edses ao longo dos anos. <\/p>\n","protected":false},"excerpt":{"rendered":"<p>\u00c9 normal que os trabalhadores esperem ansiosamente para um feriado prolongado para poderem descansar e at\u00e9 mesmo terem momentos de lazer. Nesta semana, muitos poder\u00e3o aproveitar dessa folga, j\u00e1 que na sexta-feira \u00e9 comemorado o 1\u00ba de maio, Dia do Trabalhador, e feriado nacional no Brasil garantido pela Lei n\u00ba 10.607, de 19 de dezembro [&hellip;]<\/p>\n","protected":false},"author":5,"featured_media":748,"comment_status":"open","ping_status":"open","sticky":false,"template":"","format":"standard","meta":{"jnews-multi-image_gallery":[],"jnews_single_post":{"format":"standard"},"jnews_primary_category":[],"jnews_social_meta":[],"jnews_post_split":[],"footnotes":""},"categories":[1],"tags":[],"class_list":["post-747","post","type-post","status-publish","format-standard","has-post-thumbnail","hentry","category-variedades"],"_links":{"self":[{"href":"https:\/\/jbvariedades.audiencelabs.com.br\/wp-json\/wp\/v2\/posts\/747","targetHints":{"allow":["GET"]}}],"collection":[{"href":"https:\/\/jbvariedades.audiencelabs.com.br\/wp-json\/wp\/v2\/posts"}],"about":[{"href":"https:\/\/jbvariedades.audiencelabs.com.br\/wp-json\/wp\/v2\/types\/post"}],"author":[{"embeddable":true,"href":"https:\/\/jbvariedades.audiencelabs.com.br\/wp-json\/wp\/v2\/users\/5"}],"replies":[{"embeddable":true,"href":"https:\/\/jbvariedades.audiencelabs.com.br\/wp-json\/wp\/v2\/comments?post=747"}],"version-history":[{"count":4,"href":"https:\/\/jbvariedades.audiencelabs.com.br\/wp-json\/wp\/v2\/posts\/747\/revisions"}],"predecessor-version":[{"id":753,"href":"https:\/\/jbvariedades.audiencelabs.com.br\/wp-json\/wp\/v2\/posts\/747\/revisions\/753"}],"wp:featuredmedia":[{"embeddable":true,"href":"https:\/\/jbvariedades.audiencelabs.com.br\/wp-json\/wp\/v2\/media\/748"}],"wp:attachment":[{"href":"https:\/\/jbvariedades.audiencelabs.com.br\/wp-json\/wp\/v2\/media?parent=747"}],"wp:term":[{"taxonomy":"category","embeddable":true,"href":"https:\/\/jbvariedades.audiencelabs.com.br\/wp-json\/wp\/v2\/categories?post=747"},{"taxonomy":"post_tag","embeddable":true,"href":"https:\/\/jbvariedades.audiencelabs.com.br\/wp-json\/wp\/v2\/tags?post=747"}],"curies":[{"name":"wp","href":"https:\/\/api.w.org\/{rel}","templated":true}]}}