{"id":744,"date":"2026-04-27T11:17:29","date_gmt":"2026-04-27T14:17:29","guid":{"rendered":"https:\/\/jbvariedades.audiencelabs.com.br\/?p=744"},"modified":"2026-04-27T11:17:34","modified_gmt":"2026-04-27T14:17:34","slug":"lista-de-convocacao-da-selecao-brasileira-foi-divulgada","status":"publish","type":"post","link":"https:\/\/jbvariedades.audiencelabs.com.br\/lista-de-convocacao-da-selecao-brasileira-foi-divulgada\/","title":{"rendered":"Lista de convoca\u00e7\u00e3o da Sele\u00e7\u00e3o Brasileira foi divulgada"},"content":{"rendered":"\n<p>A <strong>Confedera\u00e7\u00e3o Brasileira de V\u00f4lei<\/strong> (<strong>CBV<\/strong>) divulgou a primeira lista de convocados da <strong>Sele\u00e7\u00e3o Brasileira<\/strong> masculina de v\u00f4lei para a temporada. O t\u00e9cnico <strong>Bernardinho<\/strong> escolheu os atletas que j\u00e1 encerraram seus compromissos pelos clubes para iniciar a prepara\u00e7\u00e3o visando a <strong>Liga das Na\u00e7\u00f5es de V\u00f4lei<\/strong> (<strong>VNL<\/strong>).<\/p>\n\n\n\n<p>De acordo com informa\u00e7\u00f5es dos bastidores, Bernardinho j\u00e1 chamou os seis atletas titulares para iniciar os treinos, que s\u00e3o realizados no Centro de Desenvolvimento do Voleibol, no munic\u00edpio de Saquarema, no Rio de Janeiro.<\/p>\n\n\n\n<h2 class=\"wp-block-heading\">Quem s\u00e3o os convocados?<\/h2>\n\n\n\n<p>At\u00e9 o momento, os jogadores Guilherme Voss, Thiery Nascimento, Henrique Honorato, Maicon Fran\u00e7a, Lucas Barreto e Douglas Pureza foram os nomes convocados. Confira as fun\u00e7\u00f5es de cada um:<\/p>\n\n\n\n<p class=\"has-medium-font-size\"><strong>Ponteiros<\/strong><\/p>\n\n\n\n<ul class=\"wp-block-list\">\n<li>Henrique Honorato<\/li>\n\n\n\n<li>Maicon Fran\u00e7a<\/li>\n<\/ul>\n\n\n\n<p class=\"has-medium-font-size\"><strong>Centrais<\/strong><\/p>\n\n\n\n<ul class=\"wp-block-list\">\n<li>Thiery Nascimento<\/li>\n\n\n\n<li>Lucas Barreto<\/li>\n\n\n\n<li>Guilherme Voss<\/li>\n<\/ul>\n\n\n\n<p class=\"has-medium-font-size\"><strong>L\u00edbero<\/strong><\/p>\n\n\n\n<ul class=\"wp-block-list\">\n<li>Douglas Pureza<\/li>\n<\/ul>\n\n\n\n<p>Bernardinho ainda n\u00e3o convocou os outros seis nomes restantes para completar os reservas do time. Os atletas que ainda est\u00e3o em disputa por clubes no Brasil, na It\u00e1lia e no Jap\u00e3o devem integrar o elenco.<\/p>\n\n\n\n<p>Do elenco, Barreto, Thiery e Pureza jogam no Sesi Bauru, de S\u00e3o Paulo. Voss joga para o Tours, na Fr\u00e2n\u00e7a, Honorato joga para o Sowalki, na Pol\u00f4nia e Maicon, para o Gebze, da Turquia.<\/p>\n\n\n\n<h2 class=\"wp-block-heading\">Brasil na Liga das Na\u00e7\u00f5es<\/h2>\n\n\n\n<p>O Brasil estreia na VNL entre os dias 10 e 14 de junho, no gin\u00e1sio Nilson Nelson, em Bras\u00edlia. A competi\u00e7\u00e3o segue com mais tr\u00eas etapas ao longo do calend\u00e1rio.<\/p>\n\n\n\n<p>A segunda fase acontece em Liubliana, capital da Eslov\u00eania, entre 24 e 28 de junho. J\u00e1 a terceira etapa leva a sele\u00e7\u00e3o a Chicago, nos Estados Unidos, de 15 a 19 de julho. A fase final est\u00e1 marcada para Ningbo, na China, entre 29 de julho e 2 de agosto.<\/p>\n\n\n\n<p>Na primeira fase, a Sele\u00e7\u00e3o brasileira ir\u00e1 estrear contra o Ir\u00e3, no dia 10, depois a B\u00e9lgica no dia 11, a S\u00e9rvia no dia 13 e a Argentina no dia 14.<\/p>\n","protected":false},"excerpt":{"rendered":"<p>A Confedera\u00e7\u00e3o Brasileira de V\u00f4lei (CBV) divulgou a primeira lista de convocados da Sele\u00e7\u00e3o Brasileira masculina de v\u00f4lei para a temporada. O t\u00e9cnico Bernardinho escolheu os atletas que j\u00e1 encerraram seus compromissos pelos clubes para iniciar a prepara\u00e7\u00e3o visando a Liga das Na\u00e7\u00f5es de V\u00f4lei (VNL). De acordo com informa\u00e7\u00f5es dos bastidores, Bernardinho j\u00e1 chamou [&hellip;]<\/p>\n","protected":false},"author":4,"featured_media":745,"comment_status":"open","ping_status":"open","sticky":false,"template":"","format":"standard","meta":{"jnews-multi-image_gallery":[],"jnews_single_post":{"format":"standard"},"jnews_primary_category":[],"jnews_social_meta":[],"jnews_post_split":[],"footnotes":""},"categories":[1],"tags":[319,320,127,318,292,321],"class_list":["post-744","post","type-post","status-publish","format-standard","has-post-thumbnail","hentry","category-variedades","tag-bernardinho","tag-bernardo-rezende","tag-brasilia","tag-liga-das-nacoes-de-volei","tag-selecao-brasileira","tag-volei-masculino"],"_links":{"self":[{"href":"https:\/\/jbvariedades.audiencelabs.com.br\/wp-json\/wp\/v2\/posts\/744","targetHints":{"allow":["GET"]}}],"collection":[{"href":"https:\/\/jbvariedades.audiencelabs.com.br\/wp-json\/wp\/v2\/posts"}],"about":[{"href":"https:\/\/jbvariedades.audiencelabs.com.br\/wp-json\/wp\/v2\/types\/post"}],"author":[{"embeddable":true,"href":"https:\/\/jbvariedades.audiencelabs.com.br\/wp-json\/wp\/v2\/users\/4"}],"replies":[{"embeddable":true,"href":"https:\/\/jbvariedades.audiencelabs.com.br\/wp-json\/wp\/v2\/comments?post=744"}],"version-history":[{"count":1,"href":"https:\/\/jbvariedades.audiencelabs.com.br\/wp-json\/wp\/v2\/posts\/744\/revisions"}],"predecessor-version":[{"id":746,"href":"https:\/\/jbvariedades.audiencelabs.com.br\/wp-json\/wp\/v2\/posts\/744\/revisions\/746"}],"wp:featuredmedia":[{"embeddable":true,"href":"https:\/\/jbvariedades.audiencelabs.com.br\/wp-json\/wp\/v2\/media\/745"}],"wp:attachment":[{"href":"https:\/\/jbvariedades.audiencelabs.com.br\/wp-json\/wp\/v2\/media?parent=744"}],"wp:term":[{"taxonomy":"category","embeddable":true,"href":"https:\/\/jbvariedades.audiencelabs.com.br\/wp-json\/wp\/v2\/categories?post=744"},{"taxonomy":"post_tag","embeddable":true,"href":"https:\/\/jbvariedades.audiencelabs.com.br\/wp-json\/wp\/v2\/tags?post=744"}],"curies":[{"name":"wp","href":"https:\/\/api.w.org\/{rel}","templated":true}]}}