{"id":740,"date":"2026-04-27T10:28:27","date_gmt":"2026-04-27T13:28:27","guid":{"rendered":"https:\/\/jbvariedades.audiencelabs.com.br\/?p=740"},"modified":"2026-04-27T10:28:32","modified_gmt":"2026-04-27T13:28:32","slug":"escolas-e-bancos-vao-fechar-e-paralisar-no-mes-de-maio","status":"publish","type":"post","link":"https:\/\/jbvariedades.audiencelabs.com.br\/escolas-e-bancos-vao-fechar-e-paralisar-no-mes-de-maio\/","title":{"rendered":"Escolas e bancos v\u00e3o fechar e paralisar no m\u00eas de maio"},"content":{"rendered":"\n<p><strong>Bancos<\/strong>, <strong>escolas<\/strong>, lojas e diversos outros setores da sociedade ir\u00e3o paralisar suas atividades no come\u00e7o de maio deste ano. Isso se d\u00e1 \u00e0 chegada do feriado do <strong>Dia do Trabalhador<\/strong>, que \u00e9 celebrado no 1\u00ba dia de maio.<\/p>\n\n\n\n<p>O Dia do Trabalhador \u00e9 previsto na <strong>Lei n\u00ba 662\/1949<\/strong>, que o declara como um <strong>feriado nacional<\/strong>\u00a0obrigat\u00f3rio. Devido a isso, diversos trabalhadores ir\u00e3o folgar neste dia. No entanto, a legisla\u00e7\u00e3o prev\u00ea que alguns setores considerados &#8220;absolutamente essenciais&#8221; continuar\u00e3o funcionando.<\/p>\n\n\n\n<p>Al\u00e9m disso, o primeiro dia de maio deste ano ser\u00e1 uma sexta-feira. Logo, o feriado ir\u00e1 se acumular com o final de semana, prolongando o tempo de descanso para os funcion\u00e1rios de v\u00e1rios setores.<\/p>\n\n\n\n<figure class=\"wp-block-embed is-type-video is-provider-youtube wp-block-embed-youtube wp-embed-aspect-16-9 wp-has-aspect-ratio\"><div class=\"wp-block-embed__wrapper\">\n<div class=\"jeg_video_container jeg_video_content\"><iframe title=\"Dia do Trabalhador: quando surgiu, porque \u00e9 comemorado.\" width=\"500\" height=\"281\" src=\"https:\/\/www.youtube.com\/embed\/-bWf4sTeLd8?feature=oembed\" frameborder=\"0\" allow=\"accelerometer; autoplay; clipboard-write; encrypted-media; gyroscope; picture-in-picture; web-share\" referrerpolicy=\"strict-origin-when-cross-origin\" allowfullscreen><\/iframe><\/div>\n<\/div><\/figure>\n\n\n\n<h2 class=\"wp-block-heading\">O que acontece com bancos e escolas?<\/h2>\n\n\n\n<p>Dois dos principais servi\u00e7os que ser\u00e3o interrompidos nesses dias s\u00e3o as escolas, tanto da rede p\u00fablica quanto da privada, e bancos. No caso, tanto os alunos quanto os professores ser\u00e3o dispensados das aulas, e todos os funcion\u00e1rios banc\u00e1rios tamb\u00e9m folgar\u00e3o.<\/p>\n\n\n\n<p>No caso das escolas, o feriado j\u00e1 \u00e9 considerado no calend\u00e1rio do ano letivo e n\u00e3o ser\u00e1 necess\u00e1ria a reposi\u00e7\u00e3o de aulas. A suspens\u00e3o tamb\u00e9m ser\u00e1 realizada em todas as \u00e1reas da educa\u00e7\u00e3o, desde a infantil at\u00e9 o ensino m\u00e9dio.<\/p>\n\n\n\n<p>No caso dos bancos, todas as ag\u00eancias ser\u00e3o fechadas. Logo, n\u00e3o haver\u00e1 atendimento no balc\u00e3o ou qualquer opera\u00e7\u00e3o que dependa de funcion\u00e1rios nas ag\u00eancias f\u00edsicas. Boletos que vencem no 1\u00ba dia de maio poder\u00e3o ser pagos no pr\u00f3ximo dia \u00fatil, ou seja, na segunda-feira (04). Servi\u00e7os como Pix e autoatendimento em caixas eletr\u00f4nicos continuar\u00e3o funcionando<\/p>\n\n\n\n<h2 class=\"wp-block-heading\">O que mais o feriado afeta?<\/h2>\n\n\n\n<p>Como um feriado nacional obrigat\u00f3rio, as escolas e bancos n\u00e3o s\u00e3o os \u00fanicos locais afetados. O feriado tamb\u00e9m contempla diversos tipos de servi\u00e7os, desde empreendimentos a \u00f3rg\u00e3os p\u00fablicos.<\/p>\n\n\n\n<p>De acordo com a legisla\u00e7\u00e3o, lojas de com\u00e9rcio de rua, ag\u00eancias dos Correios, casas lot\u00e9ricas, cart\u00f3rios, ag\u00eancias do Instituto Nacional de Seguran\u00e7a P\u00fablica (INSS) e diversos \u00f3rg\u00e3os p\u00fablicos, desde reparti\u00e7\u00f5es municipais at\u00e9 federais, s\u00e3o afetados.<\/p>\n\n\n\n<p>No entanto, a Lei tamb\u00e9m prev\u00ea o funcionamento de alguns servi\u00e7os. Shoppings, supermercados, mercados p\u00fablicos e transporte p\u00fablico continuam funcionando com hor\u00e1rios (e frota no caso do transporte) reduzidos.<\/p>\n\n\n\n<p>Al\u00e9m disso, setores como Seguran\u00e7a P\u00fablica e Sa\u00fade s\u00e3o considerados &#8220;absolutamente essenciais&#8221; pela legisla\u00e7\u00e3o, logo, continuam funcionando normalmente.<\/p>\n\n\n\n<h2 class=\"wp-block-heading\">O que \u00e9 a Lei n\u00ba 662\/1949?<\/h2>\n\n\n\n<p>A Lei n\u00ba 662\/1949 \u00e9 a legisla\u00e7\u00e3o brasileira que declara o estabelecimento de diversos feriados nacionais obrigat\u00f3rios. No caso, estabelece os dias 1\u00ba de janeiro, 1\u00ba de maio, 7 de setembro, 15 de novembro e 25 de dezembro como feriados nacionais no Brasil, suspendendo o trabalho nessas datas, exceto para atividades indispens\u00e1veis.<\/p>\n\n\n\n<p>Confira quais feriados s\u00e3o esses:<\/p>\n\n\n\n<ul class=\"wp-block-list\">\n<li><strong>1\u00ba de janeiro:<\/strong>\u00a0Confraterniza\u00e7\u00e3o Universal.<\/li>\n\n\n\n<li><strong>21 de abril:<\/strong>\u00a0Tiradentes.<\/li>\n\n\n\n<li><strong>1\u00ba de maio:<\/strong>\u00a0Dia Mundial do Trabalho.<\/li>\n\n\n\n<li><strong>7 de setembro:<\/strong>\u00a0Independ\u00eancia do Brasil.<\/li>\n\n\n\n<li><strong>2 de novembro:<\/strong>\u00a0Finados.<\/li>\n\n\n\n<li><strong>15 de novembro:<\/strong>\u00a0Proclama\u00e7\u00e3o da Rep\u00fablica.<\/li>\n\n\n\n<li><strong>25 de dezembro:<\/strong>\u00a0Natal.<\/li>\n<\/ul>\n","protected":false},"excerpt":{"rendered":"<p>Bancos, escolas, lojas e diversos outros setores da sociedade ir\u00e3o paralisar suas atividades no come\u00e7o de maio deste ano. Isso se d\u00e1 \u00e0 chegada do feriado do Dia do Trabalhador, que \u00e9 celebrado no 1\u00ba dia de maio. O Dia do Trabalhador \u00e9 previsto na Lei n\u00ba 662\/1949, que o declara como um feriado nacional\u00a0obrigat\u00f3rio. [&hellip;]<\/p>\n","protected":false},"author":4,"featured_media":742,"comment_status":"open","ping_status":"open","sticky":false,"template":"","format":"standard","meta":{"jnews-multi-image_gallery":[],"jnews_single_post":{"format":"standard"},"jnews_primary_category":[],"jnews_social_meta":[],"jnews_post_split":[],"footnotes":""},"categories":[1],"tags":[121,317,314,315,313],"class_list":["post-740","post","type-post","status-publish","format-standard","has-post-thumbnail","hentry","category-variedades","tag-brasil","tag-escolas","tag-feriado-nacional","tag-legislacao-brasileira","tag-lei-no-662-1949"],"_links":{"self":[{"href":"https:\/\/jbvariedades.audiencelabs.com.br\/wp-json\/wp\/v2\/posts\/740","targetHints":{"allow":["GET"]}}],"collection":[{"href":"https:\/\/jbvariedades.audiencelabs.com.br\/wp-json\/wp\/v2\/posts"}],"about":[{"href":"https:\/\/jbvariedades.audiencelabs.com.br\/wp-json\/wp\/v2\/types\/post"}],"author":[{"embeddable":true,"href":"https:\/\/jbvariedades.audiencelabs.com.br\/wp-json\/wp\/v2\/users\/4"}],"replies":[{"embeddable":true,"href":"https:\/\/jbvariedades.audiencelabs.com.br\/wp-json\/wp\/v2\/comments?post=740"}],"version-history":[{"count":1,"href":"https:\/\/jbvariedades.audiencelabs.com.br\/wp-json\/wp\/v2\/posts\/740\/revisions"}],"predecessor-version":[{"id":743,"href":"https:\/\/jbvariedades.audiencelabs.com.br\/wp-json\/wp\/v2\/posts\/740\/revisions\/743"}],"wp:featuredmedia":[{"embeddable":true,"href":"https:\/\/jbvariedades.audiencelabs.com.br\/wp-json\/wp\/v2\/media\/742"}],"wp:attachment":[{"href":"https:\/\/jbvariedades.audiencelabs.com.br\/wp-json\/wp\/v2\/media?parent=740"}],"wp:term":[{"taxonomy":"category","embeddable":true,"href":"https:\/\/jbvariedades.audiencelabs.com.br\/wp-json\/wp\/v2\/categories?post=740"},{"taxonomy":"post_tag","embeddable":true,"href":"https:\/\/jbvariedades.audiencelabs.com.br\/wp-json\/wp\/v2\/tags?post=740"}],"curies":[{"name":"wp","href":"https:\/\/api.w.org\/{rel}","templated":true}]}}