{"id":736,"date":"2026-04-25T14:30:00","date_gmt":"2026-04-25T17:30:00","guid":{"rendered":"https:\/\/jbvariedades.audiencelabs.com.br\/?p=736"},"modified":"2026-04-24T17:06:07","modified_gmt":"2026-04-24T20:06:07","slug":"carlo-ancelotti-confirmou-nomes-que-serao-convocados-para-copa-do-mundo","status":"publish","type":"post","link":"https:\/\/jbvariedades.audiencelabs.com.br\/carlo-ancelotti-confirmou-nomes-que-serao-convocados-para-copa-do-mundo\/","title":{"rendered":"Carlo Ancelotti confirmou nomes que ser\u00e3o convocados para Copa do Mundo"},"content":{"rendered":"\n<p>A lista da <strong>Sele\u00e7\u00e3o Brasileira<\/strong> para a <strong>Copa do Mundo<\/strong> j\u00e1 est\u00e1 quase fechada. O t\u00e9cnico <strong>Carlo Ancelotti<\/strong> tem a maior parte do grupo definida e deixou apenas duas vagas em aberto at\u00e9 a convoca\u00e7\u00e3o oficial, marcada para o dia 18 de maio.<\/p>\n\n\n\n<figure class=\"wp-block-embed is-type-video is-provider-youtube wp-block-embed-youtube wp-embed-aspect-16-9 wp-has-aspect-ratio\"><div class=\"wp-block-embed__wrapper\">\n<div class=\"jeg_video_container jeg_video_content\"><iframe title=\"CONVOCA\u00c7\u00c3O DA SELE\u00c7\u00c3O BRASILEIRA: ANCELOTTI CHAMA VITOR ROQUE, VINI JUNIOR E+; VEJA LISTA COMPLETA\" width=\"500\" height=\"281\" src=\"https:\/\/www.youtube.com\/embed\/riczN0-bBMc?feature=oembed\" frameborder=\"0\" allow=\"accelerometer; autoplay; clipboard-write; encrypted-media; gyroscope; picture-in-picture; web-share\" referrerpolicy=\"strict-origin-when-cross-origin\" allowfullscreen><\/iframe><\/div>\n<\/div><\/figure>\n\n\n\n<h2 class=\"wp-block-heading\">Confira os convocados<\/h2>\n\n\n\n<p>Na lista h\u00e1 diversos nomes conhecidos, tanto entre titulares quanto entre reservas. Veja os nomes que j\u00e1 est\u00e3o praticamente garantidos<\/p>\n\n\n\n<ul class=\"wp-block-list\">\n<li><strong>Goleiros:<\/strong> Alisson, Ederson e Bento<\/li>\n\n\n\n<li><strong>Defensores:<\/strong> Marquinhos, Gabriel Magalh\u00e3es, \u00c9der Milit\u00e3o, Danilo, L\u00e9o Pereira, Bremer, Wesley, Alex Sandro e Douglas Santos<\/li>\n\n\n\n<li><strong>Meio-campistas:<\/strong> Casemiro, Andrey Santos, Fabinho, Bruno Guimar\u00e3es e Danilo Santos<\/li>\n\n\n\n<li><span style=\"margin: 0px;padding: 0px\"><strong>Atacantes:<\/strong>\u00a0Vin\u00edcius Jr, Raphinha, Matheus Cunha, Estev\u00e3o, Gabriel Martinelli, Jo\u00e3o Pedro e Luiz Henrique<\/span><\/li>\n<\/ul>\n\n\n\n<p>As duas vagas que ainda est\u00e3o em aberto devem sair da disputa entre Lucas Paquet\u00e1, Endrick e Igor Thiago. A convoca\u00e7\u00e3o completa sai no dia 18 de maio, quando Ancelotti deve anunciar os 26 jogadores que v\u00e3o defender o Brasil no torneio.<\/p>\n\n\n\n<h2 class=\"wp-block-heading\">Ancelotti no comando do Brasil<\/h2>\n\n\n\n<p>O treinador italiano assumiu a Sele\u00e7\u00e3o Brasileira em 2024, depois de uma longa passagem pelo Real Madrid. Desde que chegou, Ancelotti vem sendo cobrado por resultados nas Eliminat\u00f3rias e pela defini\u00e7\u00e3o de um estilo de jogo para o time.<\/p>\n\n\n\n<p>A Copa do Mundo de 2026, realizada nos Estados Unidos, no Canad\u00e1 e no M\u00e9xico, \u00e9 o principal objetivo da sua gest\u00e3o \u00e0 frente da equipe nacional.<\/p>\n\n\n\n<p>A chegada do italiano veio j\u00e1 chamando a aten\u00e7\u00e3o no cen\u00e1rio futebol\u00edstico nacional e at\u00e9 internacional. Recebendo mais de R$ 5 milh\u00f5es mensais em sal\u00e1rio da <strong>Confedera\u00e7\u00e3o Brasileira de Futebol<\/strong> (<strong>CBF<\/strong>), Ancelotti vem como uma aposta para o <strong>Brasil<\/strong> retomar o protagonismo no futebol internacional.<\/p>\n\n\n\n<p>O Brasil chega ao torneio com a expectativa de encerrar um jejum que j\u00e1 dura mais de duas d\u00e9cadas sem t\u00edtulo mundial, sendo o \u00faltimo em 2002, no Jap\u00e3o e na Coreia do Sul.<\/p>\n\n\n\n<h2 class=\"wp-block-heading\">O Brasil na fase de grupos<\/h2>\n\n\n\n<p>O Brasil est\u00e1 no Grupo C e j\u00e1 tem os tr\u00eas primeiros jogos da fase de grupos definidos. A estreia acontece no dia 13 de junho, \u00e0s 19h, diante de Marrocos. Em seguida, a Sele\u00e7\u00e3o enfrenta o Haiti no dia 19 de junho, \u00e0s 21h30. O terceiro compromisso da fase de grupos \u00e9 contra a Esc\u00f3cia, no dia 24 de junho, \u00e0s 19h.<\/p>\n\n\n\n<p><\/p>\n","protected":false},"excerpt":{"rendered":"<p>A lista da Sele\u00e7\u00e3o Brasileira para a Copa do Mundo j\u00e1 est\u00e1 quase fechada. O t\u00e9cnico Carlo Ancelotti tem a maior parte do grupo definida e deixou apenas duas vagas em aberto at\u00e9 a convoca\u00e7\u00e3o oficial, marcada para o dia 18 de maio. Confira os convocados Na lista h\u00e1 diversos nomes conhecidos, tanto entre titulares [&hellip;]<\/p>\n","protected":false},"author":4,"featured_media":738,"comment_status":"open","ping_status":"open","sticky":false,"template":"","format":"standard","meta":{"jnews-multi-image_gallery":[],"jnews_single_post":{"format":"standard"},"jnews_primary_category":[],"jnews_social_meta":[],"jnews_post_split":[],"footnotes":""},"categories":[1],"tags":[121,297,302,301,287,292],"class_list":["post-736","post","type-post","status-publish","format-standard","has-post-thumbnail","hentry","category-variedades","tag-brasil","tag-carlo-ancelotti","tag-cbf","tag-copa-do-mundo-2026","tag-futebol","tag-selecao-brasileira"],"_links":{"self":[{"href":"https:\/\/jbvariedades.audiencelabs.com.br\/wp-json\/wp\/v2\/posts\/736","targetHints":{"allow":["GET"]}}],"collection":[{"href":"https:\/\/jbvariedades.audiencelabs.com.br\/wp-json\/wp\/v2\/posts"}],"about":[{"href":"https:\/\/jbvariedades.audiencelabs.com.br\/wp-json\/wp\/v2\/types\/post"}],"author":[{"embeddable":true,"href":"https:\/\/jbvariedades.audiencelabs.com.br\/wp-json\/wp\/v2\/users\/4"}],"replies":[{"embeddable":true,"href":"https:\/\/jbvariedades.audiencelabs.com.br\/wp-json\/wp\/v2\/comments?post=736"}],"version-history":[{"count":1,"href":"https:\/\/jbvariedades.audiencelabs.com.br\/wp-json\/wp\/v2\/posts\/736\/revisions"}],"predecessor-version":[{"id":739,"href":"https:\/\/jbvariedades.audiencelabs.com.br\/wp-json\/wp\/v2\/posts\/736\/revisions\/739"}],"wp:featuredmedia":[{"embeddable":true,"href":"https:\/\/jbvariedades.audiencelabs.com.br\/wp-json\/wp\/v2\/media\/738"}],"wp:attachment":[{"href":"https:\/\/jbvariedades.audiencelabs.com.br\/wp-json\/wp\/v2\/media?parent=736"}],"wp:term":[{"taxonomy":"category","embeddable":true,"href":"https:\/\/jbvariedades.audiencelabs.com.br\/wp-json\/wp\/v2\/categories?post=736"},{"taxonomy":"post_tag","embeddable":true,"href":"https:\/\/jbvariedades.audiencelabs.com.br\/wp-json\/wp\/v2\/tags?post=736"}],"curies":[{"name":"wp","href":"https:\/\/api.w.org\/{rel}","templated":true}]}}