{"id":729,"date":"2026-04-26T19:40:00","date_gmt":"2026-04-26T22:40:00","guid":{"rendered":"https:\/\/jbvariedades.audiencelabs.com.br\/?p=729"},"modified":"2026-04-24T16:45:59","modified_gmt":"2026-04-24T19:45:59","slug":"supermercado-amado-no-pais-anunciou-fechamento-de-16-lojas","status":"publish","type":"post","link":"https:\/\/jbvariedades.audiencelabs.com.br\/supermercado-amado-no-pais-anunciou-fechamento-de-16-lojas\/","title":{"rendered":"Supermercado amado no pa\u00eds anunciou fechamento de 16 lojas"},"content":{"rendered":"\n<p>Uma das redes de supermercados mais amadas da Espanha confirmou o encerramento de 16 unidades. A decis\u00e3o impacta diversas cidades no p\u00e1is e levanta preocupa\u00e7\u00f5es no setor varejista. A medida resulta em cortes de funcion\u00e1rios e faz parte de um plano mais amplo de reestrutura\u00e7\u00e3o da empresa.<\/p>\n\n\n\n<h2 class=\"wp-block-heading\">Fechamento atinge cidades e trabalhadores<\/h2>\n\n\n\n<p>A decis\u00e3o prev\u00ea o fechamento de lojas em diferentes regi\u00f5es da Espanha, afetando diretamente centenas de trabalhadores. Ao todo, cerca de 196 funcion\u00e1rios podem ser impactados com demiss\u00f5es, segundo informa\u00e7\u00f5es divulgadas.<\/p>\n\n\n\n<p>As unidades escolhidas para encerramento apresentam, em sua maioria, baixo desempenho ou sobreposi\u00e7\u00e3o com outras lojas da pr\u00f3pria rede, o que tornou a opera\u00e7\u00e3o menos eficiente. Os locais que tiveram unidades fechadas foram Madri, Gal\u00edcia, Castilla y Le\u00f3n, Pa\u00eds Basco e Navarra.<\/p>\n\n\n\n<h2 class=\"wp-block-heading\">Motivo vai al\u00e9m da crise: mudan\u00e7a no modelo de neg\u00f3cio<\/h2>\n\n\n\n<p>Embora o fechamento possa ser interpretado como reflexo de dificuldades financeiras, o movimento est\u00e1 ligado a uma transforma\u00e7\u00e3o mais profunda no varejo.<\/p>\n\n\n\n<p>A empresa busca reduzir custos fixos e adaptar sua estrutura a um novo perfil de consumo, marcado pelo avan\u00e7o das compras online e pela necessidade de opera\u00e7\u00f5es mais enxutas.<\/p>\n\n\n\n<p><strong>Entre as estrat\u00e9gias adotadas est\u00e3o:<\/strong><\/p>\n\n\n\n<ul class=\"wp-block-list\">\n<li>Encerramento de unidades pouco rent\u00e1veis<\/li>\n\n\n\n<li>Prioriza\u00e7\u00e3o de lojas menores e mais \u00e1geis<\/li>\n\n\n\n<li>Integra\u00e7\u00e3o com o com\u00e9rcio eletr\u00f4nico<\/li>\n<\/ul>\n\n\n\n<h2 class=\"wp-block-heading\">Lojas passam a ter nova fun\u00e7\u00e3o<\/h2>\n\n\n\n<p>Outro ponto relevante da reestrutura\u00e7\u00e3o \u00e9 a mudan\u00e7a no papel das lojas f\u00edsicas. Parte das unidades remanescentes passa a atuar tamb\u00e9m como centros log\u00edsticos, auxiliando na distribui\u00e7\u00e3o de pedidos feitos pela internet. Esse modelo, conhecido como opera\u00e7\u00e3o multicanal, tem se tornado cada vez mais comum entre grandes redes varejistas.<\/p>\n\n\n\n<h2 class=\"wp-block-heading\">Movimento reflete tend\u00eancia global<\/h2>\n\n\n\n<p>O caso n\u00e3o \u00e9 isolado. O varejo alimentar vem passando por ajustes estruturais em diversos pa\u00edses, impulsionado por mudan\u00e7as no comportamento do consumidor e pela press\u00e3o por efici\u00eancia operacional.<\/p>\n\n\n\n<p>Na pr\u00e1tica, grandes redes est\u00e3o deixando de apostar apenas em lojas f\u00edsicas tradicionais para investir em formatos h\u00edbridos, que combinam presen\u00e7a f\u00edsica com log\u00edstica digital.<\/p>\n","protected":false},"excerpt":{"rendered":"<p>Uma das redes de supermercados mais amadas da Espanha confirmou o encerramento de 16 unidades. A decis\u00e3o impacta diversas cidades no p\u00e1is e levanta preocupa\u00e7\u00f5es no setor varejista. A medida resulta em cortes de funcion\u00e1rios e faz parte de um plano mais amplo de reestrutura\u00e7\u00e3o da empresa. Fechamento atinge cidades e trabalhadores A decis\u00e3o prev\u00ea [&hellip;]<\/p>\n","protected":false},"author":5,"featured_media":731,"comment_status":"open","ping_status":"open","sticky":false,"template":"","format":"standard","meta":{"jnews-multi-image_gallery":[],"jnews_single_post":{"format":"standard"},"jnews_primary_category":[],"jnews_social_meta":[],"jnews_post_split":[],"footnotes":""},"categories":[1],"tags":[],"class_list":["post-729","post","type-post","status-publish","format-standard","has-post-thumbnail","hentry","category-variedades"],"_links":{"self":[{"href":"https:\/\/jbvariedades.audiencelabs.com.br\/wp-json\/wp\/v2\/posts\/729","targetHints":{"allow":["GET"]}}],"collection":[{"href":"https:\/\/jbvariedades.audiencelabs.com.br\/wp-json\/wp\/v2\/posts"}],"about":[{"href":"https:\/\/jbvariedades.audiencelabs.com.br\/wp-json\/wp\/v2\/types\/post"}],"author":[{"embeddable":true,"href":"https:\/\/jbvariedades.audiencelabs.com.br\/wp-json\/wp\/v2\/users\/5"}],"replies":[{"embeddable":true,"href":"https:\/\/jbvariedades.audiencelabs.com.br\/wp-json\/wp\/v2\/comments?post=729"}],"version-history":[{"count":1,"href":"https:\/\/jbvariedades.audiencelabs.com.br\/wp-json\/wp\/v2\/posts\/729\/revisions"}],"predecessor-version":[{"id":733,"href":"https:\/\/jbvariedades.audiencelabs.com.br\/wp-json\/wp\/v2\/posts\/729\/revisions\/733"}],"wp:featuredmedia":[{"embeddable":true,"href":"https:\/\/jbvariedades.audiencelabs.com.br\/wp-json\/wp\/v2\/media\/731"}],"wp:attachment":[{"href":"https:\/\/jbvariedades.audiencelabs.com.br\/wp-json\/wp\/v2\/media?parent=729"}],"wp:term":[{"taxonomy":"category","embeddable":true,"href":"https:\/\/jbvariedades.audiencelabs.com.br\/wp-json\/wp\/v2\/categories?post=729"},{"taxonomy":"post_tag","embeddable":true,"href":"https:\/\/jbvariedades.audiencelabs.com.br\/wp-json\/wp\/v2\/tags?post=729"}],"curies":[{"name":"wp","href":"https:\/\/api.w.org\/{rel}","templated":true}]}}