{"id":712,"date":"2026-04-24T20:30:00","date_gmt":"2026-04-24T23:30:00","guid":{"rendered":"https:\/\/jbvariedades.audiencelabs.com.br\/?p=712"},"modified":"2026-04-24T15:18:15","modified_gmt":"2026-04-24T18:18:15","slug":"carlo-ancelotti-ganha-salario-de-rei-para-comandar-a-selecao-brasileira","status":"publish","type":"post","link":"https:\/\/jbvariedades.audiencelabs.com.br\/carlo-ancelotti-ganha-salario-de-rei-para-comandar-a-selecao-brasileira\/","title":{"rendered":"Carlo Ancelotti ganha sal\u00e1rio de rei para comandar a Sele\u00e7\u00e3o Brasileira"},"content":{"rendered":"\n<p>A chegada de <strong>Carlo Ancelotti<\/strong> \u00e0 <strong>Sele\u00e7\u00e3o Brasileira<\/strong> vem chamando a aten\u00e7\u00e3o por diversos motivos, e um deles \u00e9 o sal\u00e1rio. O t\u00e9cnico italiano vai receber 10 milh\u00f5es de euros por ano da Confedera\u00e7\u00e3o Brasileira de Futebol (CBF), o equivalente a cerca de R$ 63,21 milh\u00f5es na cota\u00e7\u00e3o atual. Dividido pelos 12 meses, o vencimento mensal chega a aproximadamente R$ 5,3 milh\u00f5es.<\/p>\n\n\n\n<p>O contrato de Carlo impressiona at\u00e9 para padr\u00f5es de futebol de alto n\u00edvel. No entanto, o valor \u00e9 pr\u00f3ximo ao que Ancelotti recebia no <strong>Real Madrid<\/strong>, seu \u00faltimo clube antes de aceitar o desafio de comandar o Brasil.<\/p>\n\n\n\n<h2 class=\"wp-block-heading\">B\u00f4nus milion\u00e1rio se vier o t\u00edtulo<\/h2>\n\n\n\n<p>Al\u00e9m do sal\u00e1rio fixo, o acordo prev\u00ea um b\u00f4nus de 5 milh\u00f5es de euros, cerca de R$ 31,61 milh\u00f5es, caso Ancelotti conquiste a Copa do Mundo de 2026 com a sele\u00e7\u00e3o. O incentivo financeiro refor\u00e7a que a expectativa da CBF vai al\u00e9m de uma gest\u00e3o de transi\u00e7\u00e3o.<\/p>\n\n\n\n<p>O contrato foi assinado at\u00e9 o fim da Copa do Mundo de 2026. O t\u00e9cnico come\u00e7a a trabalhar pela confedera\u00e7\u00e3o no dia 26 de maio.<\/p>\n\n\n\n<p><strong>Ednaldo Rogrigues<\/strong>, presidente da CBF, diz estar otimista com o t\u00e9cnico italiano no comando da Sele\u00e7\u00e3o Brasileira. Para ele, Ancelotti \u00e9 uma declara\u00e7\u00e3o da CBF ao mundo de que os brasileiros querem retomar o protagonismo no cen\u00e1rio futebol\u00edstico mundial.<\/p>\n\n\n\n<h2 class=\"wp-block-heading\">Primeiros passos no comando<\/h2>\n\n\n\n<p>Antes de assumir oficialmente, Ancelotti se reunir\u00e1 com <strong>Rodrigo Caetano<\/strong>, coordenador-geral das <strong>Sele\u00e7\u00f5es Masculinas<\/strong>, e com Juan, coordenador t\u00e9cnico, para definir a lista de convocados para a pr\u00f3xima Data Fifa.<\/p>\n\n\n\n<p>Os primeiros jogos sob o comando do italiano ser\u00e3o pelas eliminat\u00f3rias sul-americanas para a Copa do Mundo de 2026. No dia 5 de junho, o <strong>Brasil<\/strong> enfrenta o <strong>Equador<\/strong>, atual vice-l\u00edder da tabela com 23 pontos. J\u00e1 no dia 10 de junho, \u00e0s 21h45, a sele\u00e7\u00e3o recebe o Paraguai na Neo Qu\u00edmica Arena.<\/p>\n\n\n\n<p>O Brasil ocupa atualmente o quarto lugar na classifica\u00e7\u00e3o das eliminat\u00f3rias, com 21 pontos, o mesmo do Paraguai, que est\u00e1 em quinto.<\/p>\n","protected":false},"excerpt":{"rendered":"<p>A chegada de Carlo Ancelotti \u00e0 Sele\u00e7\u00e3o Brasileira vem chamando a aten\u00e7\u00e3o por diversos motivos, e um deles \u00e9 o sal\u00e1rio. O t\u00e9cnico italiano vai receber 10 milh\u00f5es de euros por ano da Confedera\u00e7\u00e3o Brasileira de Futebol (CBF), o equivalente a cerca de R$ 63,21 milh\u00f5es na cota\u00e7\u00e3o atual. Dividido pelos 12 meses, o vencimento [&hellip;]<\/p>\n","protected":false},"author":4,"featured_media":714,"comment_status":"open","ping_status":"open","sticky":false,"template":"","format":"standard","meta":{"jnews-multi-image_gallery":[],"jnews_single_post":{"format":"standard"},"jnews_primary_category":[],"jnews_social_meta":[],"jnews_post_split":[],"footnotes":""},"categories":[1],"tags":[121,297,302,301,303,307,306,304,292,305],"class_list":["post-712","post","type-post","status-publish","format-standard","has-post-thumbnail","hentry","category-variedades","tag-brasil","tag-carlo-ancelotti","tag-cbf","tag-copa-do-mundo-2026","tag-ednaldo-rogrigues","tag-equador","tag-fifa","tag-rodrigo-caetano","tag-selecao-brasileira","tag-selecoes-masculinas"],"_links":{"self":[{"href":"https:\/\/jbvariedades.audiencelabs.com.br\/wp-json\/wp\/v2\/posts\/712","targetHints":{"allow":["GET"]}}],"collection":[{"href":"https:\/\/jbvariedades.audiencelabs.com.br\/wp-json\/wp\/v2\/posts"}],"about":[{"href":"https:\/\/jbvariedades.audiencelabs.com.br\/wp-json\/wp\/v2\/types\/post"}],"author":[{"embeddable":true,"href":"https:\/\/jbvariedades.audiencelabs.com.br\/wp-json\/wp\/v2\/users\/4"}],"replies":[{"embeddable":true,"href":"https:\/\/jbvariedades.audiencelabs.com.br\/wp-json\/wp\/v2\/comments?post=712"}],"version-history":[{"count":1,"href":"https:\/\/jbvariedades.audiencelabs.com.br\/wp-json\/wp\/v2\/posts\/712\/revisions"}],"predecessor-version":[{"id":715,"href":"https:\/\/jbvariedades.audiencelabs.com.br\/wp-json\/wp\/v2\/posts\/712\/revisions\/715"}],"wp:featuredmedia":[{"embeddable":true,"href":"https:\/\/jbvariedades.audiencelabs.com.br\/wp-json\/wp\/v2\/media\/714"}],"wp:attachment":[{"href":"https:\/\/jbvariedades.audiencelabs.com.br\/wp-json\/wp\/v2\/media?parent=712"}],"wp:term":[{"taxonomy":"category","embeddable":true,"href":"https:\/\/jbvariedades.audiencelabs.com.br\/wp-json\/wp\/v2\/categories?post=712"},{"taxonomy":"post_tag","embeddable":true,"href":"https:\/\/jbvariedades.audiencelabs.com.br\/wp-json\/wp\/v2\/tags?post=712"}],"curies":[{"name":"wp","href":"https:\/\/api.w.org\/{rel}","templated":true}]}}