{"id":701,"date":"2026-04-25T14:30:00","date_gmt":"2026-04-25T17:30:00","guid":{"rendered":"https:\/\/jbvariedades.audiencelabs.com.br\/?p=701"},"modified":"2026-04-24T14:44:02","modified_gmt":"2026-04-24T17:44:02","slug":"neymar-foi-confirmado-fora-da-lista-da-copa-do-mundo-oficialmente-nos-albuns-de-figurinhas","status":"publish","type":"post","link":"https:\/\/jbvariedades.audiencelabs.com.br\/neymar-foi-confirmado-fora-da-lista-da-copa-do-mundo-oficialmente-nos-albuns-de-figurinhas\/","title":{"rendered":"Neymar foi confirmado fora da lista da Copa do Mundo oficialmente nos \u00e1lbuns de figurinhas"},"content":{"rendered":"\n<p>O <strong>\u00e1lbum de figurinhas<\/strong> da <strong>Copa do Mundo de 2026<\/strong> virou assunto nas redes sociais antes mesmo de chegar \u00e0s m\u00e3os dos colecionadores brasileiros. O motivo \u00e9 que o nome de <strong>Neymar<\/strong> simplesmente n\u00e3o aparece entre os jogadores da <strong>Sele\u00e7\u00e3o Brasileira<\/strong> nas p\u00e1ginas do produto lan\u00e7ado antecipadamente em solo espanhol.<\/p>\n\n\n\n<p>A aus\u00eancia foi divulgada pelo canal <strong>ESPN<\/strong> e rapidamente tomou conta das discuss\u00f5es dos torcedores. Para muitos, a falta da figurinha do jogador, que esteve presente nas Copas de 2014, 2018 e 2022, representa um sinal de que o caminho at\u00e9 o <strong>Mundial<\/strong> pode estar fechado para o craque do <strong>Santos<\/strong>.<\/p>\n\n\n\n<figure class=\"wp-block-embed is-type-video is-provider-youtube wp-block-embed-youtube wp-embed-aspect-16-9 wp-has-aspect-ratio\"><div class=\"wp-block-embed__wrapper\">\n<div class=\"jeg_video_container jeg_video_content\"><iframe title=\"NEYMAR EST\u00c1 FORA DO \u00c1LBUM DA COPA DO MUNDO! I Cortes Debate Placar\" width=\"500\" height=\"281\" src=\"https:\/\/www.youtube.com\/embed\/VrB8OymKrsk?feature=oembed\" frameborder=\"0\" allow=\"accelerometer; autoplay; clipboard-write; encrypted-media; gyroscope; picture-in-picture; web-share\" referrerpolicy=\"strict-origin-when-cross-origin\" allowfullscreen><\/iframe><\/div>\n<\/div><\/figure>\n\n\n\n<h2 class=\"wp-block-heading\">Neymar n\u00e3o \u00e9 o \u00fanico de fora<\/h2>\n\n\n\n<p>A lista de aus\u00eancias vai al\u00e9m do camisa 10. <strong>Endrick<\/strong>, atualmente no Lyon, e o goleiro <strong>Ederson<\/strong>, frequentemente convocado para a sele\u00e7\u00e3o principal, tamb\u00e9m ficaram de fora do \u00e1lbum. Por outro lado, nomes como o do meio-campista <strong>Lucas Paquet\u00e1<\/strong>, do Flamengo, aparecem entre os representantes do Brasil.<\/p>\n\n\n\n<p>Vale lembrar que o \u00e1lbum ainda n\u00e3o \u00e9 a convoca\u00e7\u00e3o oficial. A defini\u00e7\u00e3o dos jogadores que v\u00e3o representar o Brasil na Copa \u00e9 responsabilidade do t\u00e9cnico <strong>Carlo Ancelotti<\/strong>, que assumiu o comando da sele\u00e7\u00e3o recentemente e ainda n\u00e3o divulgou sua primeira lista.<\/p>\n\n\n\n<p>No entanto, a aus\u00eancia do &#8220;menino Ney&#8221; causou estranhamento entre os brasileiros. Em especial, isso gerou at\u00e9 mesmo uma onda de internautas, que se dividiram entre f\u00e3s furiosos e outros que aproveitaram a situa\u00e7\u00e3o para fazer memes. Algumas p\u00e1ginas na web brincaram com a aus\u00eancia do jogador, alegando que Neymar passou por uma &#8220;aposentadoria precoce&#8221; da <strong>Panini<\/strong>, fabricante oficial do \u00e1lbum.<\/p>\n\n\n\n<h2 class=\"wp-block-heading\">Situa\u00e7\u00e3o da carreira de Neymar<\/h2>\n\n\n\n<p>O jogador vive um momento de reconstru\u00e7\u00e3o no Santos, clube onde iniciou a carreira antes de se projetar para o futebol europeu. Ap\u00f3s um longo per\u00edodo afastado por les\u00e3o, o atacante tenta mostrar ao novo treinador da sele\u00e7\u00e3o que ainda tem condi\u00e7\u00f5es de disputar uma Copa do Mundo.<\/p>\n\n\n\n<p>Ancelotti j\u00e1 sinalizou que a porta n\u00e3o est\u00e1 fechada, mas tamb\u00e9m indicou que o desempenho dentro de campo ser\u00e1 o crit\u00e9rio principal para qualquer convoca\u00e7\u00e3o. A Copa de 2026 ser\u00e1 disputada no Canad\u00e1, nos Estados Unidos e no M\u00e9xico.<\/p>\n","protected":false},"excerpt":{"rendered":"<p>O \u00e1lbum de figurinhas da Copa do Mundo de 2026 virou assunto nas redes sociais antes mesmo de chegar \u00e0s m\u00e3os dos colecionadores brasileiros. O motivo \u00e9 que o nome de Neymar simplesmente n\u00e3o aparece entre os jogadores da Sele\u00e7\u00e3o Brasileira nas p\u00e1ginas do produto lan\u00e7ado antecipadamente em solo espanhol. A aus\u00eancia foi divulgada pelo [&hellip;]<\/p>\n","protected":false},"author":4,"featured_media":705,"comment_status":"open","ping_status":"open","sticky":false,"template":"","format":"standard","meta":{"jnews-multi-image_gallery":[],"jnews_single_post":{"format":"standard"},"jnews_primary_category":[],"jnews_social_meta":[],"jnews_post_split":[],"footnotes":""},"categories":[1],"tags":[293,297,291,296,289,287,294,290,288,298,299,292],"class_list":["post-701","post","type-post","status-publish","format-standard","has-post-thumbnail","hentry","category-variedades","tag-album-de-figurinhas-da-copa-2026","tag-carlo-ancelotti","tag-copa-do-mundo-de-2026","tag-endrick","tag-espn","tag-futebol","tag-lucas-paqueta","tag-mundial","tag-neymar","tag-panini","tag-santos","tag-selecao-brasileira"],"_links":{"self":[{"href":"https:\/\/jbvariedades.audiencelabs.com.br\/wp-json\/wp\/v2\/posts\/701","targetHints":{"allow":["GET"]}}],"collection":[{"href":"https:\/\/jbvariedades.audiencelabs.com.br\/wp-json\/wp\/v2\/posts"}],"about":[{"href":"https:\/\/jbvariedades.audiencelabs.com.br\/wp-json\/wp\/v2\/types\/post"}],"author":[{"embeddable":true,"href":"https:\/\/jbvariedades.audiencelabs.com.br\/wp-json\/wp\/v2\/users\/4"}],"replies":[{"embeddable":true,"href":"https:\/\/jbvariedades.audiencelabs.com.br\/wp-json\/wp\/v2\/comments?post=701"}],"version-history":[{"count":1,"href":"https:\/\/jbvariedades.audiencelabs.com.br\/wp-json\/wp\/v2\/posts\/701\/revisions"}],"predecessor-version":[{"id":707,"href":"https:\/\/jbvariedades.audiencelabs.com.br\/wp-json\/wp\/v2\/posts\/701\/revisions\/707"}],"wp:featuredmedia":[{"embeddable":true,"href":"https:\/\/jbvariedades.audiencelabs.com.br\/wp-json\/wp\/v2\/media\/705"}],"wp:attachment":[{"href":"https:\/\/jbvariedades.audiencelabs.com.br\/wp-json\/wp\/v2\/media?parent=701"}],"wp:term":[{"taxonomy":"category","embeddable":true,"href":"https:\/\/jbvariedades.audiencelabs.com.br\/wp-json\/wp\/v2\/categories?post=701"},{"taxonomy":"post_tag","embeddable":true,"href":"https:\/\/jbvariedades.audiencelabs.com.br\/wp-json\/wp\/v2\/tags?post=701"}],"curies":[{"name":"wp","href":"https:\/\/api.w.org\/{rel}","templated":true}]}}