{"id":588,"date":"2026-04-25T08:30:00","date_gmt":"2026-04-25T11:30:00","guid":{"rendered":"https:\/\/jbvariedades.audiencelabs.com.br\/?p=588"},"modified":"2026-04-22T17:28:50","modified_gmt":"2026-04-22T20:28:50","slug":"uber-aprovou-mudanca-de-regras-para-comfort-e-black-em-2025","status":"publish","type":"post","link":"https:\/\/jbvariedades.audiencelabs.com.br\/uber-aprovou-mudanca-de-regras-para-comfort-e-black-em-2025\/","title":{"rendered":"Uber aprovou mudan\u00e7a de regras para Comfort e Black em 2025"},"content":{"rendered":"\n<p>Motoristas cadastrados nas categorias <strong>Black<\/strong> e <strong>Comfort<\/strong> do aplicativo <strong>Uber<\/strong> tiveram que acatar novas exig\u00eancias ap\u00f3s a plataforma adotar <strong>novas regras<\/strong> para este ano. No caso, oito modelos de carros deixaram de ser aceitos nessas categorias do aplicativo.<\/p>\n\n\n\n<p>De acordo com a empresa, a mudan\u00e7a foi realizada com o objetivo de &#8220;elevar&#8221; as categorias consideradas &#8220;premium&#8221; da plataforma. Com isso, eles pretendem modernizar a frota de colaboradores e impedir que modelos &#8220;antigos&#8221; atuem nas categorias mais caras.<\/p>\n\n\n\n<h2 class=\"wp-block-heading\">Quais foram as mudan\u00e7as?<\/h2>\n\n\n\n<p>As mudan\u00e7as afetam apenas os servi\u00e7os Black e Comfort, que tiveram suas frotas &#8220;renovadas&#8221;.<\/p>\n\n\n\n<p class=\"has-medium-font-size\"><strong>Comfort<\/strong><\/p>\n\n\n\n<p>Essa \u00e9 a categoria &#8220;intermedi\u00e1ria&#8221; do aplicativo. Esse servi\u00e7o oferece carros mais novos e espa\u00e7osos que a modalidade normal, mas sem a exig\u00eancia de ser um ve\u00edculo &#8220;de luxo&#8221;.<br><br>A mudan\u00e7a \u00e9 que a plataforma deixar\u00e1 de aceitar o ve\u00edculo do modelo <strong>Renault Logan<\/strong>. No entanto, o modelo s\u00f3 ser\u00e1 exclu\u00eddo da categoria no dia 6 de junho deste ano, at\u00e9 l\u00e1, os motoristas podem continuar operando com esse ve\u00edculo na Comfort.<\/p>\n\n\n\n<p class=\"has-medium-font-size\"><strong>Black<\/strong><\/p>\n\n\n\n<p>A categoria de luxo do aplicativo, o Uber Black foca na contrata\u00e7\u00e3o de motoristas com alta avalia\u00e7\u00e3o e com espa\u00e7osos carros de luxo como sed\u00e3s e SUVs. Os ve\u00edculos tamb\u00e9m devem seguir crit\u00e9rios rigorosos de idade e geralmente devem ser modelos mais novos.<\/p>\n\n\n\n<p>Devido \u00e0s regras r\u00edgidas sobre a idade do ve\u00edculo, sete modelos de carro deixaram de ser aceitos na categoria; s\u00e3o eles:<\/p>\n\n\n\n<ul class=\"wp-block-list\">\n<li><strong>Renault Kardin<\/strong>;<\/li>\n\n\n\n<li><strong>Caoa Chery Tiggo 3x<\/strong>;<\/li>\n\n\n\n<li><strong>Peugeot e-2008<\/strong>;<\/li>\n\n\n\n<li><strong>Citro\u00ebn Basalt<\/strong>;<\/li>\n\n\n\n<li><strong>Hyundai Kona H\u00edbrido<\/strong>;<\/li>\n\n\n\n<li><strong>JAC Motors iEV40<\/strong>;<\/li>\n\n\n\n<li><strong>JAC Motors J3 Turim<\/strong>.<\/li>\n<\/ul>\n\n\n\n<p>Diferente do Renault Logan, que deixa de ser aceito na categoria Comfort em junho deste ano, esses modelos j\u00e1 passaram a ser proibidos no servi\u00e7o Black desde janeiro deste ano.<\/p>\n\n\n\n<h2 class=\"wp-block-heading\">Motoristas por aplicativo reagiram mal \u00e0 mudan\u00e7a<\/h2>\n\n\n\n<p>Alguns motoristas que atuam no aplicativo criticaram a mudan\u00e7a e disseram terem sido pegos de surpresa pela not\u00edcia. A maioria comentou que o investimento para se manter como motorista na categoria Black em especial passou a ser arriscado por medo de exclus\u00e3o.<\/p>\n\n\n\n<p>Um desses foi Douglas Silva, motorista que atua no Rio de Janeiro, disse que comprou um Citro\u00ebn Basalt para servir tanto como transporte familiar quanto no trabalho.<\/p>\n\n\n\n<p>No entanto, com a mudan\u00e7a, o motorista ficou abalado que n\u00e3o conseguiria mais usar o ve\u00edculo para o servi\u00e7o. Douglas havia comprado o carro em junho de 2025, logo n\u00e3o podia mais devolver o ve\u00edculo e pedir reembolso. <\/p>\n\n\n\n<p>Enquanto isso, Douglas relatou ainda que outros colegas que estavam comprando carros do mesmo modelo para atuar no Black, desistiram da compra ou reembolsaram os ve\u00edculos. <\/p>\n\n\n\n<p>&#8220;Uns conseguiram desfazer o neg\u00f3cio a tempo, mas outros, como eu, que comprei o carro h\u00e1 tr\u00eas meses&#8230; Paguei s\u00f3 tr\u00eas parcelas do financiamento e ainda faltam mais 45&#8221;, lamentou Silva.<\/p>\n\n\n\n<p><\/p>\n\n\n\n<p><\/p>\n","protected":false},"excerpt":{"rendered":"<p>Motoristas cadastrados nas categorias Black e Comfort do aplicativo Uber tiveram que acatar novas exig\u00eancias ap\u00f3s a plataforma adotar novas regras para este ano. No caso, oito modelos de carros deixaram de ser aceitos nessas categorias do aplicativo. De acordo com a empresa, a mudan\u00e7a foi realizada com o objetivo de &#8220;elevar&#8221; as categorias consideradas [&hellip;]<\/p>\n","protected":false},"author":4,"featured_media":590,"comment_status":"open","ping_status":"open","sticky":false,"template":"","format":"standard","meta":{"jnews-multi-image_gallery":[],"jnews_single_post":{"format":"standard"},"jnews_primary_category":[],"jnews_social_meta":[],"jnews_post_split":[],"footnotes":""},"categories":[1],"tags":[177,180,125,182,183,184,185,176,175,181,179,178,173,174],"class_list":["post-588","post","type-post","status-publish","format-standard","has-post-thumbnail","hentry","category-variedades","tag-automoveis","tag-caoa-chery-tiggo-3x","tag-carros","tag-citroen-basalt","tag-hyundai-kona-hibrido","tag-jac-motors-iev40","tag-jac-motors-j3-turim","tag-motoristas-por-app","tag-novas-regras","tag-peugeot-e-2008","tag-renault-kardin","tag-renault-logan","tag-uber-black","tag-uber-comfort"],"_links":{"self":[{"href":"https:\/\/jbvariedades.audiencelabs.com.br\/wp-json\/wp\/v2\/posts\/588","targetHints":{"allow":["GET"]}}],"collection":[{"href":"https:\/\/jbvariedades.audiencelabs.com.br\/wp-json\/wp\/v2\/posts"}],"about":[{"href":"https:\/\/jbvariedades.audiencelabs.com.br\/wp-json\/wp\/v2\/types\/post"}],"author":[{"embeddable":true,"href":"https:\/\/jbvariedades.audiencelabs.com.br\/wp-json\/wp\/v2\/users\/4"}],"replies":[{"embeddable":true,"href":"https:\/\/jbvariedades.audiencelabs.com.br\/wp-json\/wp\/v2\/comments?post=588"}],"version-history":[{"count":1,"href":"https:\/\/jbvariedades.audiencelabs.com.br\/wp-json\/wp\/v2\/posts\/588\/revisions"}],"predecessor-version":[{"id":594,"href":"https:\/\/jbvariedades.audiencelabs.com.br\/wp-json\/wp\/v2\/posts\/588\/revisions\/594"}],"wp:featuredmedia":[{"embeddable":true,"href":"https:\/\/jbvariedades.audiencelabs.com.br\/wp-json\/wp\/v2\/media\/590"}],"wp:attachment":[{"href":"https:\/\/jbvariedades.audiencelabs.com.br\/wp-json\/wp\/v2\/media?parent=588"}],"wp:term":[{"taxonomy":"category","embeddable":true,"href":"https:\/\/jbvariedades.audiencelabs.com.br\/wp-json\/wp\/v2\/categories?post=588"},{"taxonomy":"post_tag","embeddable":true,"href":"https:\/\/jbvariedades.audiencelabs.com.br\/wp-json\/wp\/v2\/tags?post=588"}],"curies":[{"name":"wp","href":"https:\/\/api.w.org\/{rel}","templated":true}]}}