{"id":587,"date":"2026-04-25T09:40:00","date_gmt":"2026-04-25T12:40:00","guid":{"rendered":"https:\/\/jbvariedades.audiencelabs.com.br\/?p=587"},"modified":"2026-04-22T16:44:36","modified_gmt":"2026-04-22T19:44:36","slug":"nova-regra-pode-mudar-estrutura-do-bolsa-familia","status":"publish","type":"post","link":"https:\/\/jbvariedades.audiencelabs.com.br\/nova-regra-pode-mudar-estrutura-do-bolsa-familia\/","title":{"rendered":"Nova regra muda pagamento do Bolsa Familia no Brasil se for aprovada"},"content":{"rendered":"\n<p>Uma mudan\u00e7a em discuss\u00e3o no Congresso pode mudar o pagamento do Bolsa Fam\u00edlia no Brasil, caso seja aprovada. O projeto prev\u00ea a cria\u00e7\u00e3o de um microsseguro acoplado ao benef\u00edcio, o que, na pr\u00e1tica, adicionaria uma nova camada de prote\u00e7\u00e3o financeira \u00e0s fam\u00edlias atendidas pelo programa.<\/p>\n\n\n\n<p>A proposta ainda n\u00e3o est\u00e1 em vigor, mas j\u00e1 foi apresentada e pode avan\u00e7ar na C\u00e2mara dos Deputados. O impacto, se aprovado, vai al\u00e9m do valor pago mensalmente: envolve tamb\u00e9m como o benef\u00edcio pode proteger os cidad\u00e3os em situa\u00e7\u00f5es de risco.<\/p>\n\n\n\n<h2 class=\"wp-block-heading\">O que muda com a nova proposta<\/h2>\n\n\n\n<p>O projeto de lei prop\u00f5e incluir um microsseguro dentro do Bolsa Fam\u00edlia. Isso significa que benefici\u00e1rios poderiam ter acesso a coberturas b\u00e1sicas, como seguro de vida, assist\u00eancia em sa\u00fade, prote\u00e7\u00e3o patrimonial e at\u00e9 cobertura funer\u00e1ria em casos de morte.<\/p>\n\n\n\n<p>A ideia \u00e9 transformar o programa em algo mais amplo, que n\u00e3o apenas transfere renda, mas tamb\u00e9m reduz vulnerabilidades sociais em situa\u00e7\u00f5es emergenciais.<\/p>\n\n\n\n<h2 class=\"wp-block-heading\">Medida ainda depende de aprova\u00e7\u00e3o<\/h2>\n\n\n\n<p>\u00c9 importante destacar: a regra ainda n\u00e3o est\u00e1 valendo. O texto precisa ser analisado e aprovado pelos deputados e, posteriormente, seguir para outras etapas legislativas antes de entrar em vigor, ou seja, qualquer mudan\u00e7a no pagamento ou inclus\u00e3o autom\u00e1tica desse seguro ainda depende de tramita\u00e7\u00e3o oficial.<\/p>\n\n\n\n<h2 class=\"wp-block-heading\">Implementa\u00e7\u00e3o<\/h2>\n\n\n\n<p>Caso seja aprovado, o microseguro entra no benef\u00edcio sem a necessidade de cobran\u00e7a adicional aos benefici\u00e1rios. A previs\u00e3o \u00e9 que o custeio seja de R$ 50 mensais por fam\u00edlia, colocado no total que j\u00e1 \u00e9 enviado ao Bolsa Fam\u00edlia. Se passar por todos os tr\u00e2mites e entrar em vigor, o projeto tem o prazo de 12 meses para a implementa\u00e7\u00e3o. <\/p>\n\n\n\n<h2 class=\"wp-block-heading\">Cen\u00e1rio ainda est\u00e1 em defini\u00e7\u00e3o<\/h2>\n\n\n\n<p>Por enquanto, o que existe \u00e9 uma proposta em an\u00e1lise. O pagamento do Bolsa Fam\u00edlia segue as regras atuais, sem a inclus\u00e3o obrigat\u00f3ria de qualquer tipo de seguro. Ainda assim, o projeto sinaliza uma poss\u00edvel mudan\u00e7a estrutural no programa.<\/p>\n","protected":false},"excerpt":{"rendered":"<p>Uma mudan\u00e7a em discuss\u00e3o no Congresso pode mudar o pagamento do Bolsa Fam\u00edlia no Brasil, caso seja aprovada. O projeto prev\u00ea a cria\u00e7\u00e3o de um microsseguro acoplado ao benef\u00edcio, o que, na pr\u00e1tica, adicionaria uma nova camada de prote\u00e7\u00e3o financeira \u00e0s fam\u00edlias atendidas pelo programa. A proposta ainda n\u00e3o est\u00e1 em vigor, mas j\u00e1 foi [&hellip;]<\/p>\n","protected":false},"author":5,"featured_media":0,"comment_status":"open","ping_status":"open","sticky":false,"template":"","format":"standard","meta":{"jnews-multi-image_gallery":[],"jnews_single_post":{"format":"standard"},"jnews_primary_category":[],"jnews_social_meta":[],"jnews_post_split":[],"footnotes":""},"categories":[1],"tags":[],"class_list":["post-587","post","type-post","status-publish","format-standard","hentry","category-variedades"],"_links":{"self":[{"href":"https:\/\/jbvariedades.audiencelabs.com.br\/wp-json\/wp\/v2\/posts\/587","targetHints":{"allow":["GET"]}}],"collection":[{"href":"https:\/\/jbvariedades.audiencelabs.com.br\/wp-json\/wp\/v2\/posts"}],"about":[{"href":"https:\/\/jbvariedades.audiencelabs.com.br\/wp-json\/wp\/v2\/types\/post"}],"author":[{"embeddable":true,"href":"https:\/\/jbvariedades.audiencelabs.com.br\/wp-json\/wp\/v2\/users\/5"}],"replies":[{"embeddable":true,"href":"https:\/\/jbvariedades.audiencelabs.com.br\/wp-json\/wp\/v2\/comments?post=587"}],"version-history":[{"count":3,"href":"https:\/\/jbvariedades.audiencelabs.com.br\/wp-json\/wp\/v2\/posts\/587\/revisions"}],"predecessor-version":[{"id":593,"href":"https:\/\/jbvariedades.audiencelabs.com.br\/wp-json\/wp\/v2\/posts\/587\/revisions\/593"}],"wp:attachment":[{"href":"https:\/\/jbvariedades.audiencelabs.com.br\/wp-json\/wp\/v2\/media?parent=587"}],"wp:term":[{"taxonomy":"category","embeddable":true,"href":"https:\/\/jbvariedades.audiencelabs.com.br\/wp-json\/wp\/v2\/categories?post=587"},{"taxonomy":"post_tag","embeddable":true,"href":"https:\/\/jbvariedades.audiencelabs.com.br\/wp-json\/wp\/v2\/tags?post=587"}],"curies":[{"name":"wp","href":"https:\/\/api.w.org\/{rel}","templated":true}]}}