{"id":574,"date":"2026-04-25T13:12:00","date_gmt":"2026-04-25T16:12:00","guid":{"rendered":"https:\/\/jbvariedades.audiencelabs.com.br\/?p=574"},"modified":"2026-04-22T15:50:19","modified_gmt":"2026-04-22T18:50:19","slug":"esse-signo-vai-passar-por-uma-transformacao-caotica-em-2026","status":"publish","type":"post","link":"https:\/\/jbvariedades.audiencelabs.com.br\/esse-signo-vai-passar-por-uma-transformacao-caotica-em-2026\/","title":{"rendered":"Esse signo vai passar por uma transforma\u00e7\u00e3o ca\u00f3tica em 2026"},"content":{"rendered":"\n<p>A astrologia mostra que o signo que deve enfrentar uma das fases mais intensas de mudan\u00e7a em 2026 \u00e9 G\u00eameos. A previs\u00e3o chama aten\u00e7\u00e3o porque aponta n\u00e3o apenas para ajustes pontuais, mas para um per\u00edodo de instabilidade que pode mexer com identidade, decis\u00f5es e at\u00e9 a forma como a pessoa enxerga o pr\u00f3prio futuro.<\/p>\n\n\n\n<p>De acordo com os astr\u00f3logos, o movimento est\u00e1 diretamente ligado com a entrada do Sol em G\u00eameos, respons\u00e1vel por dar in\u00edcio a um novo ciclo. \u00c9 justamente esse tipo de energia que deve atingir em cheio quem \u00e9 geminiano.<\/p>\n\n\n\n<h2 class=\"wp-block-heading\">Mudan\u00e7as <\/h2>\n\n\n\n<p>A principal caracter\u00edstica desse ciclo \u00e9 a velocidade das transforma\u00e7\u00f5es. Para G\u00eameos, o per\u00edodo tende a ser marcado por amadurecimento, mais autoconfian\u00e7a, revis\u00e3o de cren\u00e7as e tomada de decis\u00f5es.<\/p>\n\n\n\n<p>Na pr\u00e1tica, isso pode se refletir em mudan\u00e7as de opini\u00e3o, altera\u00e7\u00f5es na rotina, novas dire\u00e7\u00f5es profissionais e rompimentos ou recome\u00e7os em rela\u00e7\u00f5es. Mais do que mudan\u00e7as externas, o impacto maior deve ocorrer internamente. Esse tipo de movimento costuma ser desconfort\u00e1vel, mas tamb\u00e9m \u00e9 visto como necess\u00e1rio para evolu\u00e7\u00e3o.<\/p>\n\n\n\n<p>Esse \u00e9 o momento de ter maior foco em seus afazeres. Prepare-se para uma mudan\u00e7a de identidade, novas dire\u00e7\u00f5es profissionais e maior protagonismo. <\/p>\n\n\n\n<h2 class=\"wp-block-heading\">Transforma\u00e7\u00e3o n\u00e3o \u00e9 exclusiva de um signo<\/h2>\n\n\n\n<p>Embora G\u00eameos apare\u00e7a como destaque nesse cen\u00e1rio, especialistas refor\u00e7am que 2026 ser\u00e1 um ano de mudan\u00e7as para todos os signos. A combina\u00e7\u00e3o de movimentos planet\u00e1rios indica um ciclo coletivo de transi\u00e7\u00e3o, com impactos diferentes para cada perfil. Quem \u00e9 do signo de Touro, Escorpi\u00e3o ou Sagit\u00e1rio tamb\u00e9m deve se preparar para mudan\u00e7as. <\/p>\n\n\n\n<p>Ainda assim, no caso dos geminianos, a intensidade dessas mudan\u00e7as tende a ser maior, o que justifica o alerta. <\/p>\n\n\n\n<h2 class=\"wp-block-heading\">Um ano para se adaptar, n\u00e3o resistir<\/h2>\n\n\n\n<p>O principal ponto da previs\u00e3o \u00e9 direto: tentar manter tudo como est\u00e1 pode ser mais dif\u00edcil do que aceitar as mudan\u00e7as. Para quem \u00e9 de G\u00eameos, 2026 deve exigir flexibilidade, adapta\u00e7\u00e3o e disposi\u00e7\u00e3o para abandonar padr\u00f5es antigos.<\/p>\n","protected":false},"excerpt":{"rendered":"<p>A astrologia mostra que o signo que deve enfrentar uma das fases mais intensas de mudan\u00e7a em 2026 \u00e9 G\u00eameos. A previs\u00e3o chama aten\u00e7\u00e3o porque aponta n\u00e3o apenas para ajustes pontuais, mas para um per\u00edodo de instabilidade que pode mexer com identidade, decis\u00f5es e at\u00e9 a forma como a pessoa enxerga o pr\u00f3prio futuro. De [&hellip;]<\/p>\n","protected":false},"author":5,"featured_media":580,"comment_status":"open","ping_status":"open","sticky":false,"template":"","format":"standard","meta":{"jnews-multi-image_gallery":[],"jnews_single_post":{"format":"standard"},"jnews_primary_category":[],"jnews_social_meta":[],"jnews_post_split":[],"footnotes":""},"categories":[1],"tags":[],"class_list":["post-574","post","type-post","status-publish","format-standard","has-post-thumbnail","hentry","category-variedades"],"_links":{"self":[{"href":"https:\/\/jbvariedades.audiencelabs.com.br\/wp-json\/wp\/v2\/posts\/574","targetHints":{"allow":["GET"]}}],"collection":[{"href":"https:\/\/jbvariedades.audiencelabs.com.br\/wp-json\/wp\/v2\/posts"}],"about":[{"href":"https:\/\/jbvariedades.audiencelabs.com.br\/wp-json\/wp\/v2\/types\/post"}],"author":[{"embeddable":true,"href":"https:\/\/jbvariedades.audiencelabs.com.br\/wp-json\/wp\/v2\/users\/5"}],"replies":[{"embeddable":true,"href":"https:\/\/jbvariedades.audiencelabs.com.br\/wp-json\/wp\/v2\/comments?post=574"}],"version-history":[{"count":1,"href":"https:\/\/jbvariedades.audiencelabs.com.br\/wp-json\/wp\/v2\/posts\/574\/revisions"}],"predecessor-version":[{"id":581,"href":"https:\/\/jbvariedades.audiencelabs.com.br\/wp-json\/wp\/v2\/posts\/574\/revisions\/581"}],"wp:featuredmedia":[{"embeddable":true,"href":"https:\/\/jbvariedades.audiencelabs.com.br\/wp-json\/wp\/v2\/media\/580"}],"wp:attachment":[{"href":"https:\/\/jbvariedades.audiencelabs.com.br\/wp-json\/wp\/v2\/media?parent=574"}],"wp:term":[{"taxonomy":"category","embeddable":true,"href":"https:\/\/jbvariedades.audiencelabs.com.br\/wp-json\/wp\/v2\/categories?post=574"},{"taxonomy":"post_tag","embeddable":true,"href":"https:\/\/jbvariedades.audiencelabs.com.br\/wp-json\/wp\/v2\/tags?post=574"}],"curies":[{"name":"wp","href":"https:\/\/api.w.org\/{rel}","templated":true}]}}