{"id":530,"date":"2026-04-25T10:00:00","date_gmt":"2026-04-25T13:00:00","guid":{"rendered":"https:\/\/jbvariedades.audiencelabs.com.br\/?p=530"},"modified":"2026-04-22T10:32:23","modified_gmt":"2026-04-22T13:32:23","slug":"5-maiores-cidades-do-brasil-do-sul-ao-norte","status":"publish","type":"post","link":"https:\/\/jbvariedades.audiencelabs.com.br\/5-maiores-cidades-do-brasil-do-sul-ao-norte\/","title":{"rendered":"5 maiores cidades do Brasil: do Sul ao Norte"},"content":{"rendered":"\n<p>O Brasil tem mais de 5,5 mil munic\u00edpios espalhados por um territ\u00f3rio de 8,5 milh\u00f5es de quil\u00f4metros quadrados. Mas, quando o assunto \u00e9 concentra\u00e7\u00e3o de pessoas, cinco capitais se destacam bem acima das demais. O Censo 2022, realizado pelo Instituto Brasileiro de Geografia e Estat\u00edstica (IBGE), apontou as cidades com mais habitantes do pa\u00eds e todas as cinco primeiras posi\u00e7\u00f5es pertencem a capitais.<\/p>\n\n\n\n<p>Confira quais s\u00e3o as cinco mais populosas e o que torna cada uma delas t\u00e3o \u00fanica.<\/p>\n\n\n\n<h2 class=\"wp-block-heading\">As cinco maiores cidades do Brasil<\/h2>\n\n\n\n<p class=\"has-medium-font-size\"><strong>S\u00e3o Paulo (SP): 11,4 milh\u00f5es de habitantes<\/strong><\/p>\n\n\n\n<p style=\"font-size:15px\">A maior cidade do Brasil n\u00e3o chegou ao topo por acaso. Fundada em 1554 por padres jesu\u00edtas no Planalto de Piratininga, S\u00e3o Paulo cresceu lentamente nos primeiros s\u00e9culos e s\u00f3 ganhou for\u00e7a com o ciclo do caf\u00e9, no s\u00e9culo XIX. A partir da\u00ed, atraiu imigrantes de mais de 70 nacionalidades e se consolidou como principal polo econ\u00f4mico do pa\u00eds.<\/p>\n\n\n\n<p style=\"font-size:15px\">Com mais de 11 milh\u00f5es de pessoas, S\u00e3o Paulo \u00e9 tamb\u00e9m uma das metr\u00f3poles mais populosas das Am\u00e9ricas e figura entre as cinco maiores do mundo em popula\u00e7\u00e3o urbana.<\/p>\n\n\n\n<p class=\"has-medium-font-size\"><strong>Rio de Janeiro (RJ): 6,2 milh\u00f5es de habitantes<\/strong><\/p>\n\n\n\n<p style=\"font-size:15px\">Capital federal por quase dois s\u00e9culos, o Rio de Janeiro ainda carrega marcas profundas dessa heran\u00e7a. A cidade foi fundada em 1565 pelos portugueses e por d\u00e9cadas concentrou o poder pol\u00edtico e econ\u00f4mico do pa\u00eds. Mesmo ap\u00f3s a transfer\u00eancia da capital para Bras\u00edlia, em 1960, o Rio seguiu como segundo munic\u00edpio mais populoso do Brasil.<\/p>\n\n\n\n<p style=\"font-size:15px\">A cidade re\u00fane em seu territ\u00f3rio alguns dos cart\u00f5es-postais mais reconhecidos do mundo, como o Cristo Redentor, o P\u00e3o de A\u00e7\u00facar e as praias de Copacabana e Ipanema.<\/p>\n\n\n\n<p class=\"has-medium-font-size\"><strong>Bras\u00edlia (DF): 2,8 milh\u00f5es de habitantes<\/strong><\/p>\n\n\n\n<p>Constru\u00edda do zero e inaugurada em 1960, Bras\u00edlia subiu no ranking populacional entre os censos de 2010 e 2022, passando da quarta para a terceira posi\u00e7\u00e3o. Isso significa que a capital federal ultrapassou tanto Salvador quanto Fortaleza em n\u00famero de habitantes no per\u00edodo.<\/p>\n\n\n\n<p>Al\u00e9m de ser o centro pol\u00edtico do pa\u00eds, Bras\u00edlia \u00e9 reconhecida pela UNESCO como Patrim\u00f4nio Cultural da Humanidade por seu projeto urban\u00edstico \u00fanico, elaborado pelo arquiteto Oscar Niemeyer e pelo urbanista L\u00facio Costa.<\/p>\n\n\n\n<p class=\"has-medium-font-size\"><strong>Fortaleza (CE): 2,4 milh\u00f5es de habitantes<\/strong><\/p>\n\n\n\n<p>A capital cearense ocupa a quarta posi\u00e7\u00e3o e representa o Nordeste com for\u00e7a no ranking. Fortaleza cresceu muito nas \u00faltimas d\u00e9cadas impulsionada pelo turismo, pela ind\u00fastria e pela expans\u00e3o do setor de servi\u00e7os. Mesmo registrando uma leve queda no n\u00famero de habitantes em rela\u00e7\u00e3o ao Censo de 2010, a cidade se manteve \u00e0 frente de Salvador.<\/p>\n\n\n\n<p>Com cerca de 2,4 milh\u00f5es de moradores, Fortaleza \u00e9 a maior cidade do Norte e do Nordeste em termos populacionais, perdendo posi\u00e7\u00e3o apenas para as capitais do Centro-Oeste e do Sudeste.<\/p>\n\n\n\n<p class=\"has-medium-font-size\"><strong>Salvador (BA): 2,4 milh\u00f5es de habitantes<\/strong><\/p>\n\n\n\n<p>A primeira capital do Brasil, fundada em 1549, fecha o grupo das cinco maiores cidades do pa\u00eds. Salvador foi o principal centro pol\u00edtico e econ\u00f4mico do per\u00edodo colonial e ainda hoje \u00e9 a metr\u00f3pole mais importante do Nordeste em termos hist\u00f3ricos e culturais.<\/p>\n\n\n\n<p>No Censo 2022, a cidade registrou uma queda no n\u00famero de habitantes em rela\u00e7\u00e3o a 2010, o que fez com que perdesse uma posi\u00e7\u00e3o no ranking para Fortaleza. Ainda assim, com aproximadamente 2,4 milh\u00f5es de moradores, Salvador segue entre as cinco maiores do pa\u00eds.<\/p>\n","protected":false},"excerpt":{"rendered":"<p>O Brasil tem mais de 5,5 mil munic\u00edpios espalhados por um territ\u00f3rio de 8,5 milh\u00f5es de quil\u00f4metros quadrados. Mas, quando o assunto \u00e9 concentra\u00e7\u00e3o de pessoas, cinco capitais se destacam bem acima das demais. O Censo 2022, realizado pelo Instituto Brasileiro de Geografia e Estat\u00edstica (IBGE), apontou as cidades com mais habitantes do pa\u00eds e [&hellip;]<\/p>\n","protected":false},"author":4,"featured_media":531,"comment_status":"open","ping_status":"open","sticky":false,"template":"","format":"standard","meta":{"jnews-multi-image_gallery":[],"jnews_single_post":{"format":"standard"},"jnews_primary_category":[],"jnews_social_meta":[],"jnews_post_split":[],"footnotes":""},"categories":[1],"tags":[127,134,131,135,132,128,126,133,129,117,118],"class_list":["post-530","post","type-post","status-publish","format-standard","has-post-thumbnail","hentry","category-variedades","tag-brasilia","tag-ce","tag-ceara","tag-df","tag-distrito-federal","tag-fortaleza","tag-rio-de-janeiro","tag-rj","tag-salvador","tag-sao-paulo","tag-sp"],"_links":{"self":[{"href":"https:\/\/jbvariedades.audiencelabs.com.br\/wp-json\/wp\/v2\/posts\/530","targetHints":{"allow":["GET"]}}],"collection":[{"href":"https:\/\/jbvariedades.audiencelabs.com.br\/wp-json\/wp\/v2\/posts"}],"about":[{"href":"https:\/\/jbvariedades.audiencelabs.com.br\/wp-json\/wp\/v2\/types\/post"}],"author":[{"embeddable":true,"href":"https:\/\/jbvariedades.audiencelabs.com.br\/wp-json\/wp\/v2\/users\/4"}],"replies":[{"embeddable":true,"href":"https:\/\/jbvariedades.audiencelabs.com.br\/wp-json\/wp\/v2\/comments?post=530"}],"version-history":[{"count":1,"href":"https:\/\/jbvariedades.audiencelabs.com.br\/wp-json\/wp\/v2\/posts\/530\/revisions"}],"predecessor-version":[{"id":532,"href":"https:\/\/jbvariedades.audiencelabs.com.br\/wp-json\/wp\/v2\/posts\/530\/revisions\/532"}],"wp:featuredmedia":[{"embeddable":true,"href":"https:\/\/jbvariedades.audiencelabs.com.br\/wp-json\/wp\/v2\/media\/531"}],"wp:attachment":[{"href":"https:\/\/jbvariedades.audiencelabs.com.br\/wp-json\/wp\/v2\/media?parent=530"}],"wp:term":[{"taxonomy":"category","embeddable":true,"href":"https:\/\/jbvariedades.audiencelabs.com.br\/wp-json\/wp\/v2\/categories?post=530"},{"taxonomy":"post_tag","embeddable":true,"href":"https:\/\/jbvariedades.audiencelabs.com.br\/wp-json\/wp\/v2\/tags?post=530"}],"curies":[{"name":"wp","href":"https:\/\/api.w.org\/{rel}","templated":true}]}}